{"id":22623,"date":"2019-03-18T06:00:00","date_gmt":"2019-03-18T10:00:00","guid":{"rendered":"https:\/\/linitiative.ca\/International\/eriad-setif-cest-fini\/"},"modified":"2019-03-18T06:00:00","modified_gmt":"2019-03-18T10:00:00","slug":"eriad-setif-cest-fini","status":"publish","type":"post","link":"https:\/\/linitiative.ca\/International\/eriad-setif-cest-fini\/","title":{"rendered":"Eriad S\u00e9tif, c\u2019est fini"},"content":{"rendered":"<p>Le liquidateur de l\u2019entreprise Eriad-S\u00e9tif vient de convoquer les actionnaires \u00e0 une assembl\u00e9e g\u00e9n\u00e9rale pour examiner les comptes sociaux de l\u2019exercice 2018.<br \/>Il est \u00e0 se demander comment une entreprise comme Eriad-S\u00e9tif, v\u00e9ritable fleuron de l\u2019industrie agroalimentaire, s\u2019est retrouv\u00e9e dans cette situation catastrophique.<\/p>\n<p>Auteur:<br \/>\n<a href=\"https:\/\/www.lesoirdalgerie.com\/periscoop\/eriad-setif-cest-fini-20754\">Cliquez ici pour lire l&rsquo;article depuis sa source.<\/a><\/p>\n","protected":false},"excerpt":{"rendered":"<p>Le liquidateur de l\u2019entreprise Eriad-S\u00e9tif vient de convoquer les actionnaires \u00e0 une assembl\u00e9e g\u00e9n\u00e9rale pour examiner les comptes sociaux de l\u2019exercice 2018.Il est \u00e0 se demander comment une entreprise comme Eriad-S\u00e9tif, v\u00e9ritable fleuron de l\u2019industrie agroalimentaire, s\u2019est retrouv\u00e9e dans cette situation catastrophique. Auteur: Cliquez ici pour lire l&rsquo;article depuis sa source.<\/p>\n","protected":false},"author":1741,"featured_media":0,"comment_status":"closed","ping_status":"closed","sticky":false,"template":"","format":"standard","meta":{"fifu_image_url":"","fifu_image_alt":"","footnotes":""},"categories":[73,53],"tags":[],"class_list":["post-22623","post","type-post","status-publish","format-standard","hentry","category-actualite","category-algerie"],"_links":{"self":[{"href":"https:\/\/linitiative.ca\/International\/wp-json\/wp\/v2\/posts\/22623","targetHints":{"allow":["GET"]}}],"collection":[{"href":"https:\/\/linitiative.ca\/International\/wp-json\/wp\/v2\/posts"}],"about":[{"href":"https:\/\/linitiative.ca\/International\/wp-json\/wp\/v2\/types\/post"}],"author":[{"embeddable":true,"href":"https:\/\/linitiative.ca\/International\/wp-json\/wp\/v2\/users\/1741"}],"replies":[{"embeddable":true,"href":"https:\/\/linitiative.ca\/International\/wp-json\/wp\/v2\/comments?post=22623"}],"version-history":[{"count":0,"href":"https:\/\/linitiative.ca\/International\/wp-json\/wp\/v2\/posts\/22623\/revisions"}],"wp:attachment":[{"href":"https:\/\/linitiative.ca\/International\/wp-json\/wp\/v2\/media?parent=22623"}],"wp:term":[{"taxonomy":"category","embeddable":true,"href":"https:\/\/linitiative.ca\/International\/wp-json\/wp\/v2\/categories?post=22623"},{"taxonomy":"post_tag","embeddable":true,"href":"https:\/\/linitiative.ca\/International\/wp-json\/wp\/v2\/tags?post=22623"}],"curies":[{"name":"wp","href":"https:\/\/api.w.org\/{rel}","templated":true}]}}