{"id":22627,"date":"2019-03-18T04:30:48","date_gmt":"2019-03-18T08:30:48","guid":{"rendered":"https:\/\/linitiative.ca\/International\/elle-fait-lactu-lisa-ivers-dg-de-boston-consulting-group-au-maroc\/"},"modified":"2019-03-18T04:30:48","modified_gmt":"2019-03-18T08:30:48","slug":"elle-fait-lactu-lisa-ivers-dg-de-boston-consulting-group-au-maroc","status":"publish","type":"post","link":"https:\/\/linitiative.ca\/International\/elle-fait-lactu-lisa-ivers-dg-de-boston-consulting-group-au-maroc\/","title":{"rendered":"Elle fait l\u2019actu : Lisa Ivers, DG de Boston Consulting Group au Maroc"},"content":{"rendered":"<p>Elle vient d\u2019\u00eatre nomm\u00e9e par le <strong>Forum \u00e9conomique mondial<\/strong> Jeune leader mondial 2019.<\/p>\n<div class=\"c10\"\/>\n<p>Chaque ann\u00e9e, cette prestigieuse nomination distingue une centaine de jeunes leaders du monde entier, tous \u00e2g\u00e9s de moins de 40 ans. Identifi\u00e9s et choisis sur la base de leur parcours professionnel et de leur contribution \u00e0 la soci\u00e9t\u00e9, ils constituent un forum international d\u2019une grande diversit\u00e9 qui agit \u00e0 la promotion de projets innovants dans le domaine \u00e9conomique, social et environnemental.<\/p>\n<p>Parmi les 1.300 actuels et anciens membres des <strong>Jeunes leaders mondiaux<\/strong> figurent le pr\u00e9sident fran\u00e7ais Emmanuel Macron, Amal Clooney, avocate et activiste, Jack Ma, fondateur de Alibaba, Mark Zuckerberg, fondateur de Facebook et Charlize Theron, actrice et productrice activiste sud-africaine.<\/p>\n<p><strong>Lisa Ivers<\/strong> a rejoint BCG en 2006 au sein du bureau parisien. En 2009, elle s\u2019installe \u00e0 Casablanca et fait partie de l\u2019\u00e9quipe charg\u00e9e d\u2019ouvrir le premier bureau du BCG en Afrique. Depuis mars 2018, elle dirige les op\u00e9rations du <strong>BCG<\/strong> au Maroc et intervient aupr\u00e8s de clients marocains et internationaux, entreprises, gouvernements ou acteurs de la soci\u00e9t\u00e9 civile.<\/p>\n<div class=\"c17\">\n<fieldset class=\"c16\">\n<legend><strong><span class=\"c11\">Challenge<\/span><span class=\"c12\">news<\/span><\/strong><\/legend>\n<div class=\"c15\">Le meilleur de la r\u00e9daction s\u00e9lectionn\u00e9 par Challenge :<\/p>\n<\/div>\n<\/fieldset>\n<\/div>\n<p>Auteur: Karim Handaoui<br \/>\n<a href=\"https:\/\/www.challenge.ma\/elle-fait-lactu-lisa-ivers-dg-de-boston-consulting-group-au-maroc-106248\/\">Cliquez ici pour lire l&rsquo;article depuis sa source.<\/a><\/p>\n","protected":false},"excerpt":{"rendered":"<p>Elle vient d\u2019\u00eatre nomm\u00e9e par le Forum \u00e9conomique mondial Jeune leader mondial 2019. Chaque ann\u00e9e, cette prestigieuse nomination distingue une centaine de jeunes leaders du monde entier, tous \u00e2g\u00e9s de moins de 40 ans. Identifi\u00e9s et choisis sur la base de leur parcours professionnel et de leur contribution \u00e0 la soci\u00e9t\u00e9, ils constituent un forum [&hellip;]<\/p>\n","protected":false},"author":1787,"featured_media":0,"comment_status":"closed","ping_status":"closed","sticky":false,"template":"","format":"standard","meta":{"fifu_image_url":"","fifu_image_alt":"","footnotes":""},"categories":[78,54],"tags":[],"class_list":["post-22627","post","type-post","status-publish","format-standard","hentry","category-economie","category-maroc"],"_links":{"self":[{"href":"https:\/\/linitiative.ca\/International\/wp-json\/wp\/v2\/posts\/22627","targetHints":{"allow":["GET"]}}],"collection":[{"href":"https:\/\/linitiative.ca\/International\/wp-json\/wp\/v2\/posts"}],"about":[{"href":"https:\/\/linitiative.ca\/International\/wp-json\/wp\/v2\/types\/post"}],"author":[{"embeddable":true,"href":"https:\/\/linitiative.ca\/International\/wp-json\/wp\/v2\/users\/1787"}],"replies":[{"embeddable":true,"href":"https:\/\/linitiative.ca\/International\/wp-json\/wp\/v2\/comments?post=22627"}],"version-history":[{"count":0,"href":"https:\/\/linitiative.ca\/International\/wp-json\/wp\/v2\/posts\/22627\/revisions"}],"wp:attachment":[{"href":"https:\/\/linitiative.ca\/International\/wp-json\/wp\/v2\/media?parent=22627"}],"wp:term":[{"taxonomy":"category","embeddable":true,"href":"https:\/\/linitiative.ca\/International\/wp-json\/wp\/v2\/categories?post=22627"},{"taxonomy":"post_tag","embeddable":true,"href":"https:\/\/linitiative.ca\/International\/wp-json\/wp\/v2\/tags?post=22627"}],"curies":[{"name":"wp","href":"https:\/\/api.w.org\/{rel}","templated":true}]}}