{"id":22633,"date":"2019-03-18T10:31:23","date_gmt":"2019-03-18T14:31:23","guid":{"rendered":"https:\/\/linitiative.ca\/International\/abderrahman-el-youssoufi-fete-ses-95-ans\/"},"modified":"2019-03-18T10:31:23","modified_gmt":"2019-03-18T14:31:23","slug":"abderrahman-el-youssoufi-fete-ses-95-ans","status":"publish","type":"post","link":"https:\/\/linitiative.ca\/International\/abderrahman-el-youssoufi-fete-ses-95-ans\/","title":{"rendered":"Abderrahman El Youssoufi f\u00eate ses 95 ans"},"content":{"rendered":"<p>Entour\u00e9 de membres de sa famille et de nombreuse personnalit\u00e9s politiques, \u00e9conomiques, culturelles et m\u00e9diatiques, l\u2019ancien Premier ministre <strong>Abderrahman El Youssoufi<\/strong> a f\u00eat\u00e9, hier dimanche 17 mars, ses 95 ans.<\/p>\n<div class=\"c10\"\/>\n<p>Accompagn\u00e9 de son \u00e9pouse H\u00e9l\u00e8ne, un vibrant hommage a \u00e9t\u00e9 rendu \u00e0 Abderrahman El Youssoufi par des personnalit\u00e9s politiques et du monde des affaires, dont Driss Jettou, Andr\u00e9 Azoulay, Fathallah Oualaalou, Kamal Lahlou, Mohamed El Ach\u00e2ari.<\/p>\n<p>N\u00e9 le 8 mars 1924, \u00e0 Tanger, Abderrahman El Youssoufi est une figure embl\u00e9matique de l\u2019histoire du Maroc. Figure de proue de la transition entre Hassan II et Mohammed VI, ce grand militant fut le Premier ministre du 26<sup>e<\/sup>\u00a0gouvernement du Maroc, appel\u00e9 gouvernement d\u2019alternance, du 14 mars 1998 au 6 novembre 2002. Il dirigeait ainsi le premier gouvernement sous le r\u00e8gne du roi Mohammed VI. L\u2019ex-dirigeant de l\u2019<strong>USFP<\/strong> est un militant historique du nationalisme marocain.<\/p>\n<div class=\"c17\">\n<fieldset class=\"c16\">\n<legend><strong><span class=\"c11\">Challenge<\/span><span class=\"c12\">news<\/span><\/strong><\/legend>\n<div class=\"c15\">Le meilleur de la r\u00e9daction s\u00e9lectionn\u00e9 par Challenge :<\/p>\n<\/div>\n<\/fieldset>\n<\/div>\n<p>Auteur: Hassan Manyani<br \/>\n<a href=\"https:\/\/www.challenge.ma\/abderrahmane-el-youssoufi-fete-se-95-ans-106289\/\">Cliquez ici pour lire l&rsquo;article depuis sa source.<\/a><\/p>\n","protected":false},"excerpt":{"rendered":"<p>Entour\u00e9 de membres de sa famille et de nombreuse personnalit\u00e9s politiques, \u00e9conomiques, culturelles et m\u00e9diatiques, l\u2019ancien Premier ministre Abderrahman El Youssoufi a f\u00eat\u00e9, hier dimanche 17 mars, ses 95 ans. Accompagn\u00e9 de son \u00e9pouse H\u00e9l\u00e8ne, un vibrant hommage a \u00e9t\u00e9 rendu \u00e0 Abderrahman El Youssoufi par des personnalit\u00e9s politiques et du monde des affaires, dont [&hellip;]<\/p>\n","protected":false},"author":1787,"featured_media":0,"comment_status":"closed","ping_status":"closed","sticky":false,"template":"","format":"standard","meta":{"fifu_image_url":"","fifu_image_alt":"","footnotes":""},"categories":[78,54],"tags":[],"class_list":["post-22633","post","type-post","status-publish","format-standard","hentry","category-economie","category-maroc"],"_links":{"self":[{"href":"https:\/\/linitiative.ca\/International\/wp-json\/wp\/v2\/posts\/22633","targetHints":{"allow":["GET"]}}],"collection":[{"href":"https:\/\/linitiative.ca\/International\/wp-json\/wp\/v2\/posts"}],"about":[{"href":"https:\/\/linitiative.ca\/International\/wp-json\/wp\/v2\/types\/post"}],"author":[{"embeddable":true,"href":"https:\/\/linitiative.ca\/International\/wp-json\/wp\/v2\/users\/1787"}],"replies":[{"embeddable":true,"href":"https:\/\/linitiative.ca\/International\/wp-json\/wp\/v2\/comments?post=22633"}],"version-history":[{"count":0,"href":"https:\/\/linitiative.ca\/International\/wp-json\/wp\/v2\/posts\/22633\/revisions"}],"wp:attachment":[{"href":"https:\/\/linitiative.ca\/International\/wp-json\/wp\/v2\/media?parent=22633"}],"wp:term":[{"taxonomy":"category","embeddable":true,"href":"https:\/\/linitiative.ca\/International\/wp-json\/wp\/v2\/categories?post=22633"},{"taxonomy":"post_tag","embeddable":true,"href":"https:\/\/linitiative.ca\/International\/wp-json\/wp\/v2\/tags?post=22633"}],"curies":[{"name":"wp","href":"https:\/\/api.w.org\/{rel}","templated":true}]}}