{"id":22634,"date":"2019-03-18T11:05:35","date_gmt":"2019-03-18T15:05:35","guid":{"rendered":"https:\/\/linitiative.ca\/International\/fusillades-a-utrecht-un-suspect-dorigine-turque-identifie\/"},"modified":"2019-03-18T11:05:35","modified_gmt":"2019-03-18T15:05:35","slug":"fusillades-a-utrecht-un-suspect-dorigine-turque-identifie","status":"publish","type":"post","link":"https:\/\/linitiative.ca\/International\/fusillades-a-utrecht-un-suspect-dorigine-turque-identifie\/","title":{"rendered":"Fusillades \u00e0 Utrecht : un suspect d\u2019origine turque identifi\u00e9"},"content":{"rendered":"<p>La police n\u00e9erlandaise a annonc\u00e9 lundi avoir lanc\u00e9 un avis de recherche visant un homme d\u2019origine turque en lien avec les <strong>fusillades<\/strong> survenues le matin dans la ville d\u2019Utrecht (centre des Pays-Bas).<\/p>\n<div class=\"c10\"\/>\n<p>Le suspect (G.T), un homme de 37 ans n\u00e9 en <strong>Turquie<\/strong>, est pr\u00e9sent\u00e9 comme dangereux, dans l\u2019avis de recherche de la police qui conseille de ne pas approcher le suspect dont la photo a \u00e9t\u00e9 diffus\u00e9e.<\/p>\n<p>Au moins trois personnes ont \u00e9t\u00e9 tu\u00e9es et neuf autres bless\u00e9es dans des fusillades survenues lundi dans plusieurs endroits d\u2019<strong>Utrecht<\/strong>, dont un tramway de la ville n\u00e9erlandaise, selon les autorit\u00e9s locales.<\/p>\n<p>Le tireur, toujours en fuite d\u2019apr\u00e8s la police, se trouvait dans le tramway o\u00f9 il aurait sorti une arme et tir\u00e9 sur plusieurs personnes.<\/p>\n<p>L\u2019agence nationale pour la s\u00e9curit\u00e9 et le contre-terrorisme (NCTV) a \u00e9voqu\u00e9 un acte \u00ab\u00a0potentiellement terroriste\u00a0\u00bb, soulignant qu\u2019une \u00ab\u00a0importante op\u00e9ration de police \u00bb \u00e9tait en cours pour trouver le tireur.<\/p>\n<p>La police n\u2019exclut pas le fait que plusieurs tireurs soient impliqu\u00e9s dans cette fusillade.<\/p>\n<p>La ville d\u2019Utrecht conseille \u00e0 chacun de rester confin\u00e9 \u00e0 l\u2019int\u00e9rieur, d\u2019autres incidents n\u2019\u00e9tant pas \u00e0 exclure, tandis que le trafic des trams et des bus de la ville est pour le moment interrompu.<\/p>\n<p>Le niveau d\u2019alerte pour la province n\u00e9erlandaise d\u2019Utrecht a \u00e9t\u00e9 plac\u00e9 au stade 5, le plus haut niveau possible.<\/p>\n<div class=\"c17\">\n<fieldset class=\"c16\">\n<legend><strong><span class=\"c11\">Challenge<\/span><span class=\"c12\">news<\/span><\/strong><\/legend>\n<div class=\"c15\">Le meilleur de la r\u00e9daction s\u00e9lectionn\u00e9 par Challenge :<\/p>\n<\/div>\n<\/fieldset>\n<\/div>\n<p>Auteur: Hassan Manyani<br \/>\n<a href=\"https:\/\/www.challenge.ma\/fusillades-a-utrecht-un-suspect-dorigine-turque-identifie-106317\/\">Cliquez ici pour lire l&rsquo;article depuis sa source.<\/a><\/p>\n","protected":false},"excerpt":{"rendered":"<p>La police n\u00e9erlandaise a annonc\u00e9 lundi avoir lanc\u00e9 un avis de recherche visant un homme d\u2019origine turque en lien avec les fusillades survenues le matin dans la ville d\u2019Utrecht (centre des Pays-Bas). Le suspect (G.T), un homme de 37 ans n\u00e9 en Turquie, est pr\u00e9sent\u00e9 comme dangereux, dans l\u2019avis de recherche de la police qui [&hellip;]<\/p>\n","protected":false},"author":1787,"featured_media":0,"comment_status":"closed","ping_status":"closed","sticky":false,"template":"","format":"standard","meta":{"fifu_image_url":"","fifu_image_alt":"","footnotes":""},"categories":[78,54],"tags":[],"class_list":["post-22634","post","type-post","status-publish","format-standard","hentry","category-economie","category-maroc"],"_links":{"self":[{"href":"https:\/\/linitiative.ca\/International\/wp-json\/wp\/v2\/posts\/22634","targetHints":{"allow":["GET"]}}],"collection":[{"href":"https:\/\/linitiative.ca\/International\/wp-json\/wp\/v2\/posts"}],"about":[{"href":"https:\/\/linitiative.ca\/International\/wp-json\/wp\/v2\/types\/post"}],"author":[{"embeddable":true,"href":"https:\/\/linitiative.ca\/International\/wp-json\/wp\/v2\/users\/1787"}],"replies":[{"embeddable":true,"href":"https:\/\/linitiative.ca\/International\/wp-json\/wp\/v2\/comments?post=22634"}],"version-history":[{"count":0,"href":"https:\/\/linitiative.ca\/International\/wp-json\/wp\/v2\/posts\/22634\/revisions"}],"wp:attachment":[{"href":"https:\/\/linitiative.ca\/International\/wp-json\/wp\/v2\/media?parent=22634"}],"wp:term":[{"taxonomy":"category","embeddable":true,"href":"https:\/\/linitiative.ca\/International\/wp-json\/wp\/v2\/categories?post=22634"},{"taxonomy":"post_tag","embeddable":true,"href":"https:\/\/linitiative.ca\/International\/wp-json\/wp\/v2\/tags?post=22634"}],"curies":[{"name":"wp","href":"https:\/\/api.w.org\/{rel}","templated":true}]}}