{"id":22635,"date":"2019-03-18T11:19:28","date_gmt":"2019-03-18T15:19:28","guid":{"rendered":"https:\/\/linitiative.ca\/International\/al-amana-en-panne-de-croissance-du-credit\/"},"modified":"2019-03-18T11:19:28","modified_gmt":"2019-03-18T15:19:28","slug":"al-amana-en-panne-de-croissance-du-credit","status":"publish","type":"post","link":"https:\/\/linitiative.ca\/International\/al-amana-en-panne-de-croissance-du-credit\/","title":{"rendered":"Al Amana en panne de croissance du cr\u00e9dit"},"content":{"rendered":"<p class=\"p1\">Avec un volume de pr\u00eats d\u00e9bloqu\u00e9s en quasi-stagnation depuis trois ans, <strong>Al Amana Microfinance<\/strong> a du mal \u00e0 renouer avec la croissance vigoureuse qui l\u2019avait propuls\u00e9e en deux d\u00e9cennies au rang de leader r\u00e9gional incontestable.<\/p>\n<div class=\"c10\"\/>\n<p class=\"p1\">L\u2019\u00e9tablissement qui revendique plus de 40% de parts du march\u00e9 marocain de la microfinance, finit l\u2019ann\u00e9e 2018 avec des encours de <strong>cr\u00e9dits<\/strong> de 2,56 milliards de dirhams en progression d\u2019\u00e0 peine 1,8%, soit le taux de croissance le plus faible des cinq derni\u00e8res ann\u00e9es. Il faut dire qu\u2019avec un nombre global de pr\u00eats en baisse (337.252 pr\u00eats contre 343.114 un an auparavant), l\u2019\u00e9tablissement de microfinance bas\u00e9 \u00e0 Rabat refl\u00e8te la tendance globale d\u2019un secteur entr\u00e9 en consolidation depuis 2017 (avec une croissance des encours pratiquement divis\u00e9e par deux).<\/p>\n<p class=\"p1\">Une situation qui risque bien de changer d\u00e8s 2019 gr\u00e2ce \u00e0 l\u2019all\u00e8gement r\u00e9cent du cadre r\u00e9glementaire et notamment l\u2019augmentation du plafond des pr\u00eats de microcr\u00e9dit de 50.000\u00a0 \u00e0 150.000 dirhams. Ce qui permet aux 13 \u00e9tablissements de microfinance qui op\u00e8rent au Maroc (avec agr\u00e9ment de Bank Al-Maghrib) de toucher plusieurs milliers de <strong>TPE<\/strong> (Toute Petite Entreprise) op\u00e9rant soit dans l\u2019informel, soit trop peu structur\u00e9es, ce qui les condamnait \u00e0 rester dans un \u00abno man\u2019s land\u00bb entre les associations de microcr\u00e9dit qui ne peuvent r\u00e9pondre \u00e0 leurs besoins de cr\u00e9dits sup\u00e9rieurs \u00e0 50.000 DH et le secteur bancaire classique.<\/p>\n<div class=\"c17\">\n<fieldset class=\"c16\">\n<legend><strong><span class=\"c11\">Challenge<\/span><span class=\"c12\">news<\/span><\/strong><\/legend>\n<div class=\"c15\">Le meilleur de la r\u00e9daction s\u00e9lectionn\u00e9 par Challenge :<\/p>\n<\/div>\n<\/fieldset>\n<\/div>\n<p>Auteur: challenge<br \/>\n<a href=\"https:\/\/www.challenge.ma\/al-amana-en-panne-de-croissance-du-credit-106292\/\">Cliquez ici pour lire l&rsquo;article depuis sa source.<\/a><\/p>\n","protected":false},"excerpt":{"rendered":"<p>Avec un volume de pr\u00eats d\u00e9bloqu\u00e9s en quasi-stagnation depuis trois ans, Al Amana Microfinance a du mal \u00e0 renouer avec la croissance vigoureuse qui l\u2019avait propuls\u00e9e en deux d\u00e9cennies au rang de leader r\u00e9gional incontestable. L\u2019\u00e9tablissement qui revendique plus de 40% de parts du march\u00e9 marocain de la microfinance, finit l\u2019ann\u00e9e 2018 avec des encours [&hellip;]<\/p>\n","protected":false},"author":1787,"featured_media":0,"comment_status":"closed","ping_status":"closed","sticky":false,"template":"","format":"standard","meta":{"fifu_image_url":"","fifu_image_alt":"","footnotes":""},"categories":[78,54],"tags":[],"class_list":["post-22635","post","type-post","status-publish","format-standard","hentry","category-economie","category-maroc"],"_links":{"self":[{"href":"https:\/\/linitiative.ca\/International\/wp-json\/wp\/v2\/posts\/22635","targetHints":{"allow":["GET"]}}],"collection":[{"href":"https:\/\/linitiative.ca\/International\/wp-json\/wp\/v2\/posts"}],"about":[{"href":"https:\/\/linitiative.ca\/International\/wp-json\/wp\/v2\/types\/post"}],"author":[{"embeddable":true,"href":"https:\/\/linitiative.ca\/International\/wp-json\/wp\/v2\/users\/1787"}],"replies":[{"embeddable":true,"href":"https:\/\/linitiative.ca\/International\/wp-json\/wp\/v2\/comments?post=22635"}],"version-history":[{"count":0,"href":"https:\/\/linitiative.ca\/International\/wp-json\/wp\/v2\/posts\/22635\/revisions"}],"wp:attachment":[{"href":"https:\/\/linitiative.ca\/International\/wp-json\/wp\/v2\/media?parent=22635"}],"wp:term":[{"taxonomy":"category","embeddable":true,"href":"https:\/\/linitiative.ca\/International\/wp-json\/wp\/v2\/categories?post=22635"},{"taxonomy":"post_tag","embeddable":true,"href":"https:\/\/linitiative.ca\/International\/wp-json\/wp\/v2\/tags?post=22635"}],"curies":[{"name":"wp","href":"https:\/\/api.w.org\/{rel}","templated":true}]}}