{"id":22636,"date":"2019-03-18T11:41:06","date_gmt":"2019-03-18T15:41:06","guid":{"rendered":"https:\/\/linitiative.ca\/International\/maroc-afrique-du-sud-rechauffement\/"},"modified":"2019-03-18T11:41:06","modified_gmt":"2019-03-18T15:41:06","slug":"maroc-afrique-du-sud-rechauffement","status":"publish","type":"post","link":"https:\/\/linitiative.ca\/International\/maroc-afrique-du-sud-rechauffement\/","title":{"rendered":"Maroc-Afrique du Sud : r\u00e9chauffement ?"},"content":{"rendered":"<p class=\"p1\">Le retour d\u2019un ambassadeur \u00e0 <strong>Pretoria<\/strong>, ne signifie pas la fin du diff\u00e9rend entre le Maroc et l\u2019Afrique du Sud.<span class=\"Apple-converted-space\">\u00a0<\/span><\/p>\n<div class=\"c6\"\/>\n<p class=\"p1\"><span class=\"s1\">L<\/span><span class=\"s1\">es rapports entre l\u2019Afrique du Sud et le Royaume du Maroc sont difficiles pour des raisons strat\u00e9giques. Le pouvoir de l\u2019ANC a cru pouvoir utiliser le charisme de feu Mandela et sa puissance \u00e9conomique pour mener une politique imp\u00e9riale en Afrique. Ce n\u2019est pas la vision du Maroc quant aux relations \u00e0 l\u2019int\u00e9rieur du continent.<\/span><\/p>\n<p class=\"p2\"><span class=\"s1\">Thabo MBeki a commis l\u2019irr\u00e9parable. Il a annonc\u00e9 de son propre chef, des pourparlers entre le Maroc et le Polisario, sous son \u00e9gide. <strong>Rabat<\/strong> a d\u00e9clin\u00e9 l\u2019offre. L\u2019Afrique du Sud a reconnu la RASD, cr\u00e9ant un casus-belli et la rupture des relations.<\/span><\/p>\n<p class=\"p2\"><span class=\"s1\">Depuis, l\u2019Afrique du Sud a \u00e9t\u00e9 de toutes les man\u0153uvres contre le Maroc, elle s\u2019est oppos\u00e9e \u00e0 son retour au sein de l\u2019Union Africaine, cherch\u00e9 \u00e0 freiner le d\u00e9veloppement des relations avec les pays anglophones.<\/span><\/p>\n<p class=\"p2\"><span class=\"s1\">Pretoria s\u2019est m\u00eame illustr\u00e9 en organisant une op\u00e9ration de piratage contre un cargo charg\u00e9 de phosphates. Cette op\u00e9ration s\u2019est sold\u00e9e par un fiasco absolu qui a mis \u00e0 terre la strat\u00e9gie que les soutiens du Polisario voulaient mettre en place.<\/span><\/p>\n<p class=\"p2\"><span class=\"s1\">Le r\u00e9chauffement avec le retour des ambassadeurs a s\u00fbrement \u00e9t\u00e9 pr\u00e9c\u00e9d\u00e9 de contacts. Le changement de pr\u00e9sident en Afrique du Sud porte, peut-\u00eatre, une inflexion plus pragmatique de la diplomatie de Pretoria.<\/span><\/p>\n<p class=\"p2\"><span class=\"s1\">Ce qui plaide dans ce sens, c\u2019est la nomination d\u2019un ex-ministre d\u00e9l\u00e9gu\u00e9 des Affaires \u00e9trang\u00e8res et un membre du cabinet Royal au poste d\u2019ambassadeur. Monsieur <strong>Amrani<\/strong> est un diplomate chevronn\u00e9, un v\u00e9ritable poids lourd. Sa nomination ne peut que signifier que le Maroc accorde une relative importance \u00e0 la normalisation des relations avec Pretoria.<\/span><\/p>\n<p class=\"p2\"><span class=\"s1\">Si cela fonctionne, les deux pays ne peuvent qu\u2019\u00eatre gagnants. Au-del\u00e0 de l\u2019affaire du Sahara, les deux \u00e9conomies peuvent parfaitement d\u00e9velopper des partenariats sur l\u2019ensemble du continent Africain et approfondir l\u2019approche du co-d\u00e9veloppement.<\/span><\/p>\n<p class=\"p2\"><span class=\"s1\">L\u2019Afrique du Sud, ou les investisseurs Sud-Africains, sont pr\u00e9sents dans l\u2019assurance (Saham) ou l\u2019immobilier professionnel (Anfa Place). Il faudra aux deux diplomaties trouver les moyens de neutraliser les divergences pour saisir les opportunit\u00e9s. Ce n\u2019est jamais simple, mais le Maroc l\u2019a fait avec le Rwanda et le Nig\u00e9ria.\u00a0<\/span><\/p>\n<div class=\"c13\">\n<fieldset class=\"c12\">\n<legend><strong><span class=\"c7\">Challenge<\/span><span class=\"c8\">news<\/span><\/strong><\/legend>\n<div class=\"c11\">Le meilleur de la r\u00e9daction s\u00e9lectionn\u00e9 par Challenge :<\/p>\n<\/div>\n<\/fieldset>\n<\/div>\n<p>Auteur: Jamal Berraoui<br \/>\n<a href=\"https:\/\/www.challenge.ma\/maroc-afrique-du-sud-rechauffement-106293\/\">Cliquez ici pour lire l&rsquo;article depuis sa source.<\/a><\/p>\n","protected":false},"excerpt":{"rendered":"<p>Le retour d\u2019un ambassadeur \u00e0 Pretoria, ne signifie pas la fin du diff\u00e9rend entre le Maroc et l\u2019Afrique du Sud.\u00a0 Les rapports entre l\u2019Afrique du Sud et le Royaume du Maroc sont difficiles pour des raisons strat\u00e9giques. Le pouvoir de l\u2019ANC a cru pouvoir utiliser le charisme de feu Mandela et sa puissance \u00e9conomique pour [&hellip;]<\/p>\n","protected":false},"author":1787,"featured_media":0,"comment_status":"closed","ping_status":"closed","sticky":false,"template":"","format":"standard","meta":{"fifu_image_url":"","fifu_image_alt":"","footnotes":""},"categories":[78,54],"tags":[],"class_list":["post-22636","post","type-post","status-publish","format-standard","hentry","category-economie","category-maroc"],"_links":{"self":[{"href":"https:\/\/linitiative.ca\/International\/wp-json\/wp\/v2\/posts\/22636","targetHints":{"allow":["GET"]}}],"collection":[{"href":"https:\/\/linitiative.ca\/International\/wp-json\/wp\/v2\/posts"}],"about":[{"href":"https:\/\/linitiative.ca\/International\/wp-json\/wp\/v2\/types\/post"}],"author":[{"embeddable":true,"href":"https:\/\/linitiative.ca\/International\/wp-json\/wp\/v2\/users\/1787"}],"replies":[{"embeddable":true,"href":"https:\/\/linitiative.ca\/International\/wp-json\/wp\/v2\/comments?post=22636"}],"version-history":[{"count":0,"href":"https:\/\/linitiative.ca\/International\/wp-json\/wp\/v2\/posts\/22636\/revisions"}],"wp:attachment":[{"href":"https:\/\/linitiative.ca\/International\/wp-json\/wp\/v2\/media?parent=22636"}],"wp:term":[{"taxonomy":"category","embeddable":true,"href":"https:\/\/linitiative.ca\/International\/wp-json\/wp\/v2\/categories?post=22636"},{"taxonomy":"post_tag","embeddable":true,"href":"https:\/\/linitiative.ca\/International\/wp-json\/wp\/v2\/tags?post=22636"}],"curies":[{"name":"wp","href":"https:\/\/api.w.org\/{rel}","templated":true}]}}