{"id":22653,"date":"2019-03-18T15:05:22","date_gmt":"2019-03-18T19:05:22","guid":{"rendered":"https:\/\/linitiative.ca\/International\/qualifications-can-2019-tunisie-eswatini-ou-voir-le-match\/"},"modified":"2019-03-18T15:05:22","modified_gmt":"2019-03-18T19:05:22","slug":"qualifications-can-2019-tunisie-eswatini-ou-voir-le-match","status":"publish","type":"post","link":"https:\/\/linitiative.ca\/International\/qualifications-can-2019-tunisie-eswatini-ou-voir-le-match\/","title":{"rendered":"Qualifications CAN 2019 : Tunisie-Eswatini, o\u00f9 voir le match ?"},"content":{"rendered":"<div class=\"nc_socialPanel swp_flatFresh swp_d_fullColor swp_i_fullColor swp_o_fullColor scale-100 scale-fullWidth\" data-position=\"none\" data-float=\"floatNone\" data-count=\"5\" data-floatcolor=\"#ffffff\" data-emphasize=\"0\">\n<div class=\"nc_tweetContainer totes totesalt\" data-id=\"6\"><span class=\"swp_count\"><span class=\"swp_label\">Partages<\/span> 0<\/span><\/div>\n<\/div>\n<p><span>Ce vendredi 22 mars, la Tunisie fait face \u00e0 l\u2019Eswatini dans le cadre de la derni\u00e8re journ\u00e9e des qualifications de la CAN 2019. Un match qui se d\u00e9roule \u00e0 partir de (19h15) (heure tunisienne) au stade olympique de Rad\u00e8s.<\/span><span>\u00a0<\/span><\/p>\n<p><span>La rencontre sera diffus\u00e9e sur\u00a0<\/span><span>BeIN<\/span><span>\u00a0Sports 1 AR et sur\u00a0<\/span><span>BeIN<\/span><span>\u00a0Sports 1 FR ainsi que sur la cha\u00eene nationale\u00a0<\/span><span>Watania<\/span><span>\u00a01 terrestre.\u00a0<\/span><span>\u00a0<\/span><\/p>\n<div class=\"code-block code-block-1 c4\"><ins class=\"adsbygoogle c3\" data-ad-layout=\"in-article\" data-ad-format=\"fluid\" data-ad-client=\"ca-pub-2102118777505746\" data-ad-slot=\"7301775417\"\/> <\/div>\n<p><span>Il est \u00e0 rappeler que la s\u00e9lection nationale de football est d\u00e9j\u00e0 qualifi\u00e9e pour la Coupe d\u2019Afrique des nations 2019 qui se d\u00e9roulera cet \u00e9t\u00e9 en Egypte.<\/span><span>\u00a0<\/span><\/p>\n<p><span>\u00a0<\/span><\/p>\n<div class=\"mvp-org-wrap mvp-org-logo\" itemprop=\"publisher\" itemscope=\"\" itemtype=\"https:\/\/schema.org\/Organization\"><img decoding=\"async\" src=\"https:\/\/sport.tunisienumerique.com\/wp-content\/uploads\/2017\/05\/logo_tunisie_numerique.png\"\/><\/div>\n<div class=\"nc_socialPanel swp_flatFresh swp_d_fullColor swp_i_fullColor swp_o_fullColor scale-100 scale-fullWidth\" data-position=\"none\" data-float=\"floatNone\" data-count=\"5\" data-floatcolor=\"#ffffff\" data-emphasize=\"0\">\n<div class=\"nc_tweetContainer totes totesalt\" data-id=\"6\"><span class=\"swp_count\"><span class=\"swp_label\">Partages<\/span> 0<\/span><\/div>\n<\/div>\n<div class=\"mvp-related-posts left relative\">\n<h4 class=\"post-header\"><span class=\"post-header\">Lire aussi<\/span><\/h4>\n<\/div>\n<p>Auteur: a.<br \/>\n<a href=\"https:\/\/sport.tunisienumerique.com\/qualifications-can-2019-tunisie-eswatini-voir-match\/\">Cliquez ici pour lire l&rsquo;article depuis sa source.<\/a><\/p>\n","protected":false},"excerpt":{"rendered":"<p>Partages 0 Ce vendredi 22 mars, la Tunisie fait face \u00e0 l\u2019Eswatini dans le cadre de la derni\u00e8re journ\u00e9e des qualifications de la CAN 2019. Un match qui se d\u00e9roule \u00e0 partir de (19h15) (heure tunisienne) au stade olympique de Rad\u00e8s.\u00a0 La rencontre sera diffus\u00e9e sur\u00a0BeIN\u00a0Sports 1 AR et sur\u00a0BeIN\u00a0Sports 1 FR ainsi que sur [&hellip;]<\/p>\n","protected":false},"author":1789,"featured_media":22654,"comment_status":"closed","ping_status":"closed","sticky":false,"template":"","format":"standard","meta":{"fifu_image_url":"","fifu_image_alt":"","footnotes":""},"categories":[73,55],"tags":[],"class_list":["post-22653","post","type-post","status-publish","format-standard","has-post-thumbnail","hentry","category-actualite","category-tunisie"],"_links":{"self":[{"href":"https:\/\/linitiative.ca\/International\/wp-json\/wp\/v2\/posts\/22653","targetHints":{"allow":["GET"]}}],"collection":[{"href":"https:\/\/linitiative.ca\/International\/wp-json\/wp\/v2\/posts"}],"about":[{"href":"https:\/\/linitiative.ca\/International\/wp-json\/wp\/v2\/types\/post"}],"author":[{"embeddable":true,"href":"https:\/\/linitiative.ca\/International\/wp-json\/wp\/v2\/users\/1789"}],"replies":[{"embeddable":true,"href":"https:\/\/linitiative.ca\/International\/wp-json\/wp\/v2\/comments?post=22653"}],"version-history":[{"count":0,"href":"https:\/\/linitiative.ca\/International\/wp-json\/wp\/v2\/posts\/22653\/revisions"}],"wp:featuredmedia":[{"embeddable":true,"href":"https:\/\/linitiative.ca\/International\/wp-json\/"}],"wp:attachment":[{"href":"https:\/\/linitiative.ca\/International\/wp-json\/wp\/v2\/media?parent=22653"}],"wp:term":[{"taxonomy":"category","embeddable":true,"href":"https:\/\/linitiative.ca\/International\/wp-json\/wp\/v2\/categories?post=22653"},{"taxonomy":"post_tag","embeddable":true,"href":"https:\/\/linitiative.ca\/International\/wp-json\/wp\/v2\/tags?post=22653"}],"curies":[{"name":"wp","href":"https:\/\/api.w.org\/{rel}","templated":true}]}}