{"id":22668,"date":"2019-03-18T13:50:06","date_gmt":"2019-03-18T17:50:06","guid":{"rendered":"https:\/\/linitiative.ca\/International\/brexit-les-scenarios\/"},"modified":"2019-03-18T13:50:06","modified_gmt":"2019-03-18T17:50:06","slug":"brexit-les-scenarios","status":"publish","type":"post","link":"https:\/\/linitiative.ca\/International\/brexit-les-scenarios\/","title":{"rendered":"Brexit: les sc\u00e9narios"},"content":{"rendered":"<div readability=\"32\">\n<p>Publi\u00e9 le 18.03.2019 \u00e0 18h50 par AFP<\/p>\n<\/div>\n<div readability=\"97\">\n<p>Apr\u00e8s le refus du pr\u00e9sident de la Chambre des communes de soumettre \u00e0 nouveau au vote des d\u00e9put\u00e9s l\u2019accord de sortie de l\u2019UE n\u00e9goci\u00e9 par la Premi\u00e8re ministre Theresa May, quels sont les sc\u00e9narios du Brexit, \u00e0 11 jours de la date de sortie?<\/p>\n<p>\u2013 Brexit report\u00e9 \u2013<\/p>\n<p>Si elle veut \u00e9viter une sortie de l\u2019UE sans accord le 29 mars, Theresa May va devoir aller qu\u00e9mander un report du Brexit aux Europ\u00e9ens, r\u00e9unis en sommet les 21 et 22 mars \u00e0 Bruxelles.<\/p>\n<p>Mais l\u2019UE a pr\u00e9venu que toute prolongation devra \u00eatre d\u00fbment justifi\u00e9e et accept\u00e9e \u00e0 l\u2019unanimit\u00e9 par les 27.<\/p>\n<p>Le pr\u00e9sident du Conseil europ\u00e9en Donald Tusk les a invit\u00e9s \u00e0 \u00eatre pr\u00eats \u00e0 accorder \u00ab\u00a0une longue prolongation\u00a0\u00bb au Royaume-Uni s\u2019il \u00ab\u00a0accepte de repenser sa strat\u00e9gie et parvient \u00e0 d\u00e9gager un consensus autour de celle-ci\u00a0\u00bb.<\/p>\n<p>En l\u2019\u00e9tat, cela signifierait un report de plusieurs mois, au-del\u00e0 du 30 juin, ce qui contraindrait le Royaume-Uni \u00e0 organiser des \u00e9lections europ\u00e9ennes fin mai.<\/p>\n<p>\u2013 Brexit sans accord \u2013<\/p>\n<p>Le Parlement a rejet\u00e9 cette hypoth\u00e8se lors d\u2019un vote le 13 mars mais un Brexit sans accord reste une option par d\u00e9faut, si aucun terrain d\u2019entente n\u2019est trouv\u00e9 entre Britanniques, ou aussi avec l\u2019UE.<\/p>\n<p><ins data-revive-zoneid=\"9\" data-revive-id=\"10111e19d28d19d031742ee3b0b33eb0\"\/> <\/p>\n<p>En cas de \u00ab\u00a0no deal\u00a0\u00bb, le Royaume-Uni mettrait fin, du jour au lendemain, \u00e0 46 ans d\u2019appartenance \u00e0 l\u2019UE, quittant le march\u00e9 unique et l\u2019union douani\u00e8re sans p\u00e9riode de transition.<\/p>\n<p>Ce sc\u00e9nario redout\u00e9 par les milieux \u00e9conomiques causerait d\u2019importantes perturbations dans les \u00e9changes entre le Royaume-Uni et l\u2019UE. De nombreux d\u00e9put\u00e9s s\u2019\u00e9l\u00e8vent contre une telle issue, mais certains fervents d\u00e9fenseurs du Brexit jugent qu&rsquo;\u00a0\u00bbune absence d\u2019accord vaut mieux qu\u2019un mauvais accord\u00a0\u00bb.<\/p>\n<p>Pour att\u00e9nuer une rupture brutale, le gouvernement a annonc\u00e9 qu\u2019il supprimerait temporairement les droits de douane sur 87% des importations.<\/p>\n<p>Et les pays europ\u00e9ens ont eux aussi intensifi\u00e9 leurs pr\u00e9paratifs devant une telle \u00e9ventualit\u00e9.<\/p>\n<p>\u2013 Second r\u00e9f\u00e9rendum ou \u00e9lections l\u00e9gislatives \u2013<\/p>\n<p>R\u00e9clam\u00e9e par quelques dizaines de parlementaires europhiles, l\u2019option d\u2019un second r\u00e9f\u00e9rendum a \u00e9t\u00e9 rejet\u00e9e la semaine derni\u00e8re par la Chambre des communes. Il n\u2019est pas exclu qu\u2019elle finisse par y revenir, en particulier en cas de blocage prolong\u00e9. Le chef de l\u2019opposition, le travailliste Jeremy Corbyn, lui a r\u00e9cemment apport\u00e9 son soutien, mais du bout des l\u00e8vres.<\/p>\n<p>Theresa May a elle toujours refus\u00e9 d\u2019envisager une nouvelle consultation des Britanniques. Ce qui signifie qu\u2019il faudrait un report du Brexit coupl\u00e9 \u00e0 un changement de gouvernement ou \u00e0 de nouvelles \u00e9lections pour qu\u2019elle ait lieu.<\/p>\n<\/div>\n<p>Auteur: AFP<br \/>\n<a href=\"https:\/\/www.journalducameroun.com\/fr\/brexit-les-scenarios-2\/\">Cliquez ici pour lire l&rsquo;article depuis sa source.<\/a><\/p>\n","protected":false},"excerpt":{"rendered":"<p>Publi\u00e9 le 18.03.2019 \u00e0 18h50 par AFP Apr\u00e8s le refus du pr\u00e9sident de la Chambre des communes de soumettre \u00e0 nouveau au vote des d\u00e9put\u00e9s l\u2019accord de sortie de l\u2019UE n\u00e9goci\u00e9 par la Premi\u00e8re ministre Theresa May, quels sont les sc\u00e9narios du Brexit, \u00e0 11 jours de la date de sortie? \u2013 Brexit report\u00e9 \u2013 [&hellip;]<\/p>\n","protected":false},"author":1965,"featured_media":0,"comment_status":"closed","ping_status":"closed","sticky":false,"template":"","format":"standard","meta":{"fifu_image_url":"","fifu_image_alt":"","footnotes":""},"categories":[73,82],"tags":[],"class_list":["post-22668","post","type-post","status-publish","format-standard","hentry","category-actualite","category-cameroun"],"_links":{"self":[{"href":"https:\/\/linitiative.ca\/International\/wp-json\/wp\/v2\/posts\/22668","targetHints":{"allow":["GET"]}}],"collection":[{"href":"https:\/\/linitiative.ca\/International\/wp-json\/wp\/v2\/posts"}],"about":[{"href":"https:\/\/linitiative.ca\/International\/wp-json\/wp\/v2\/types\/post"}],"author":[{"embeddable":true,"href":"https:\/\/linitiative.ca\/International\/wp-json\/wp\/v2\/users\/1965"}],"replies":[{"embeddable":true,"href":"https:\/\/linitiative.ca\/International\/wp-json\/wp\/v2\/comments?post=22668"}],"version-history":[{"count":0,"href":"https:\/\/linitiative.ca\/International\/wp-json\/wp\/v2\/posts\/22668\/revisions"}],"wp:attachment":[{"href":"https:\/\/linitiative.ca\/International\/wp-json\/wp\/v2\/media?parent=22668"}],"wp:term":[{"taxonomy":"category","embeddable":true,"href":"https:\/\/linitiative.ca\/International\/wp-json\/wp\/v2\/categories?post=22668"},{"taxonomy":"post_tag","embeddable":true,"href":"https:\/\/linitiative.ca\/International\/wp-json\/wp\/v2\/tags?post=22668"}],"curies":[{"name":"wp","href":"https:\/\/api.w.org\/{rel}","templated":true}]}}