{"id":22675,"date":"2019-03-18T14:50:03","date_gmt":"2019-03-18T18:50:03","guid":{"rendered":"https:\/\/linitiative.ca\/International\/tunisie-le-beau-frere-de-ben-ali-mis-en-examen-et-incarcere-a-marseille-2\/"},"modified":"2019-03-18T14:50:03","modified_gmt":"2019-03-18T18:50:03","slug":"tunisie-le-beau-frere-de-ben-ali-mis-en-examen-et-incarcere-a-marseille-2","status":"publish","type":"post","link":"https:\/\/linitiative.ca\/International\/tunisie-le-beau-frere-de-ben-ali-mis-en-examen-et-incarcere-a-marseille-2\/","title":{"rendered":"Tunisie: le beau-fr\u00e8re de Ben Ali mis en examen et incarc\u00e9r\u00e9 \u00e0 Marseille"},"content":{"rendered":"<div readability=\"32\">\n<p>Publi\u00e9 le 18.03.2019 \u00e0 19h50 par AFP<\/p>\n<\/div>\n<div readability=\"134\">\n<p>Pr\u00e9sent\u00e9 comme un \u00ab\u00a0quasi-mafieux\u00a0\u00bb par un c\u00e2ble diplomatique am\u00e9ricain, Belhassen Trabelsi, beau-fr\u00e8re de Ben Ali, l\u2019ancien pr\u00e9sident tunisien, a \u00e9t\u00e9 mis en examen et incarc\u00e9r\u00e9 lundi \u00e0 Marseille, apr\u00e8s trois ans de cavale depuis sa fuite du Canada en 2016, o\u00f9 il \u00e9tait menac\u00e9 d\u2019extradition.<\/p>\n<p>D\u00e9clar\u00e9 \u00ab\u00a0introuvable\u00a0\u00bb par la justice canadienne en juin 2016, le fr\u00e8re de l\u2019ex-premi\u00e8re dame tunisienne a \u00e9t\u00e9 arr\u00eat\u00e9 la semaine derni\u00e8re dans le sud de la France, dans des circonstances encore inconnues. Lundi, il a \u00e9t\u00e9 mis en examen, pour \u00ab\u00a0faux aggrav\u00e9 et blanchiment en bande organis\u00e9\u00a0\u00bb, et plac\u00e9 en d\u00e9tention provisoire, \u00e0 la prison marseillaise des Baumettes, a pr\u00e9cis\u00e9 \u00e0 l\u2019AFP le procureur de la R\u00e9publique de Marseille Xavier Tarabeux.<\/p>\n<p>M. Trabelsi a \u00e9t\u00e9 interpell\u00e9 dans le cadre d\u2019une enqu\u00eate men\u00e9e par la juridiction inter-r\u00e9gionale sp\u00e9cialis\u00e9e (Jirs) de Marseille, selon une source proche de l\u2019enqu\u00eate en France. Mais les faits en question n\u2019ont pas \u00e9t\u00e9 sp\u00e9cifi\u00e9s, pas plus que la p\u00e9riode \u00e0 laquelle ils auraient \u00e9t\u00e9 commis.<\/p>\n<p>La famille de Zine el Abidine Ben Ali et de son \u00e9pouse Leila Trabelsi avait mis la Tunisie en coupe r\u00e9gl\u00e9e, faisant main basse sur des pans entiers de l\u2019\u00e9conomie durant les plus de 20 ans pass\u00e9s par M. Ben Ali \u00e0 la t\u00eate du pays (1987-2011).<\/p>\n<p>Homme d\u2019affaires incontournable sous le r\u00e9gime Ben Ali, et poursuivi par la justice tunisienne dans plusieurs affaires de corruption, M. Trabelsi fait l\u2019objet de \u00ab\u00a017 mandats de recherche en Tunisie et de 43 mandats d\u2019amener internationaux\u00a0\u00bb, avait pr\u00e9cis\u00e9 \u00e0 l\u2019AFP dimanche le minist\u00e8re tunisien de la Justice. Tunis a demand\u00e9 son extradition d\u00e8s vendredi aux autorit\u00e9s fran\u00e7aises, apr\u00e8s avoir \u00e9t\u00e9 inform\u00e9 de l\u2019arrestation par le bureau d\u2019Interpol dans la capitale tunisienne.<\/p>\n<p>Qualifi\u00e9 de \u00ab\u00a0quasi-mafieux\u00a0\u00bb par une d\u00e9p\u00eache diplomatique am\u00e9ricaine de 2008, Belhassen Trabelsi avait trouv\u00e9 refuge au Canada quelques heures \u00e0 peine avant la chute de Ben Ali, le 14 janvier 2011, apr\u00e8s avoir fui avec sa famille \u00e0 bord de son yacht. Le bateau avait ensuite \u00e9t\u00e9 saisi par les autorit\u00e9s canadiennes.<\/p>\n<p>\u2013 \u00ab\u00a0Crimes graves de droit commun\u00a0\u00bb \u2013<\/p>\n<p><ins data-revive-zoneid=\"9\" data-revive-id=\"10111e19d28d19d031742ee3b0b33eb0\"\/> <\/p>\n<p>En mai 2012, apr\u00e8s avoir perdu son statut de r\u00e9sident permanent au Canada, il avait demand\u00e9 l\u2019asile politique, disant craindre pour sa vie en Tunisie, ce qui avait repouss\u00e9 toute possibilit\u00e9 d\u2019extradition. Mais il avait \u00e9t\u00e9 d\u00e9bout\u00e9 \u00e0 deux reprises de cette demande, en janvier 2015 et le 14 avril 2016, et il se trouvait sur le point d\u2019\u00eatre expuls\u00e9 lorsque Ottawa avait d\u00e9finitivement perdu sa trace, d\u00e9but juin 2016.<\/p>\n<p>\u00ab\u00a0Il a disparu dans la nature, j\u2019esp\u00e8re que les Canadiens vont le retrouver le plus t\u00f4t possible pour \u00eatre livr\u00e9 \u00e0 la justice tunisienne\u00a0\u00bb, avait alors comment\u00e9 aupr\u00e8s de l\u2019AFP le N.2 de l\u2019ambassade de Tunisie \u00e0 Ottawa, Borhene El Kamel, apr\u00e8s le d\u00e9part du richissime homme d\u2019affaires, aujourd\u2019hui \u00e2g\u00e9 de 56 ans, de son appartement cossu de Montr\u00e9al.<\/p>\n<p>D\u00e8s la chute du r\u00e9gime Ben Ali, la Tunisie avait demand\u00e9 l\u2019extradition de M. Trabelsi \u00e0 Ottawa, le consid\u00e9rant comme l\u2019un des principaux responsables d\u2019importants d\u00e9tournements de fonds publics.<\/p>\n<p>Lors de s\u00e9ances devant la Commission de l\u2019immigration canadienne, entre mai 2013 et septembre 2014, o\u00f9 il se pr\u00e9sentait lui-m\u00eame comme \u00ab\u00a0un citoyen tunisien lambda\u00a0\u00bb, la justice canadienne avait expos\u00e9 les all\u00e9gations de \u00ab\u00a0crimes graves de droit commun\u00a0\u00bb dont il faisait l\u2019objet: manipulation boursi\u00e8re, d\u00e9tournement de fonds, extorsion et corruption.<\/p>\n<p>\u00ab\u00a0Il est r\u00e9put\u00e9 pour avoir \u00e9t\u00e9 impliqu\u00e9 dans une corruption de grande ampleur, du remaniement de la Banque de Tunisie \u00e0 l\u2019expropriation de biens et l\u2019extorsion de pots-de-vin\u00a0\u00bb, selon un c\u00e2ble diplomatique de juin 2008 de l\u2019ambassade des Etats-Unis \u00e0 Tunis, que Wikileaks avait publi\u00e9 trois ans plus tard.<\/p>\n<p>Des documents judiciaires accusaient \u00e9galement M. Trabelsi de \u00ab\u00a0trafic de pi\u00e8ces arch\u00e9ologiques\u00a0\u00bb et d\u2019avoir notamment quitt\u00e9 la Tunisie avec des statuettes antiques.<\/p>\n<\/div>\n<p>Auteur: AFP<br \/>\n<a href=\"https:\/\/www.journalducameroun.com\/fr\/tunisie-le-beau-frere-de-ben-ali-mis-en-examen-et-incarcere-a-marseille-2\/\">Cliquez ici pour lire l&rsquo;article depuis sa source.<\/a><\/p>\n","protected":false},"excerpt":{"rendered":"<p>Publi\u00e9 le 18.03.2019 \u00e0 19h50 par AFP Pr\u00e9sent\u00e9 comme un \u00ab\u00a0quasi-mafieux\u00a0\u00bb par un c\u00e2ble diplomatique am\u00e9ricain, Belhassen Trabelsi, beau-fr\u00e8re de Ben Ali, l\u2019ancien pr\u00e9sident tunisien, a \u00e9t\u00e9 mis en examen et incarc\u00e9r\u00e9 lundi \u00e0 Marseille, apr\u00e8s trois ans de cavale depuis sa fuite du Canada en 2016, o\u00f9 il \u00e9tait menac\u00e9 d\u2019extradition. D\u00e9clar\u00e9 \u00ab\u00a0introuvable\u00a0\u00bb par [&hellip;]<\/p>\n","protected":false},"author":1965,"featured_media":0,"comment_status":"closed","ping_status":"closed","sticky":false,"template":"","format":"standard","meta":{"fifu_image_url":"","fifu_image_alt":"","footnotes":""},"categories":[73,82],"tags":[],"class_list":["post-22675","post","type-post","status-publish","format-standard","hentry","category-actualite","category-cameroun"],"_links":{"self":[{"href":"https:\/\/linitiative.ca\/International\/wp-json\/wp\/v2\/posts\/22675","targetHints":{"allow":["GET"]}}],"collection":[{"href":"https:\/\/linitiative.ca\/International\/wp-json\/wp\/v2\/posts"}],"about":[{"href":"https:\/\/linitiative.ca\/International\/wp-json\/wp\/v2\/types\/post"}],"author":[{"embeddable":true,"href":"https:\/\/linitiative.ca\/International\/wp-json\/wp\/v2\/users\/1965"}],"replies":[{"embeddable":true,"href":"https:\/\/linitiative.ca\/International\/wp-json\/wp\/v2\/comments?post=22675"}],"version-history":[{"count":0,"href":"https:\/\/linitiative.ca\/International\/wp-json\/wp\/v2\/posts\/22675\/revisions"}],"wp:attachment":[{"href":"https:\/\/linitiative.ca\/International\/wp-json\/wp\/v2\/media?parent=22675"}],"wp:term":[{"taxonomy":"category","embeddable":true,"href":"https:\/\/linitiative.ca\/International\/wp-json\/wp\/v2\/categories?post=22675"},{"taxonomy":"post_tag","embeddable":true,"href":"https:\/\/linitiative.ca\/International\/wp-json\/wp\/v2\/tags?post=22675"}],"curies":[{"name":"wp","href":"https:\/\/api.w.org\/{rel}","templated":true}]}}