{"id":22700,"date":"2019-03-18T04:47:53","date_gmt":"2019-03-18T08:47:53","guid":{"rendered":"https:\/\/linitiative.ca\/International\/cameroon-business-forum-dans-les-coulisses-de-ledition-2019\/"},"modified":"2019-03-18T04:47:53","modified_gmt":"2019-03-18T08:47:53","slug":"cameroon-business-forum-dans-les-coulisses-de-ledition-2019","status":"publish","type":"post","link":"https:\/\/linitiative.ca\/International\/cameroon-business-forum-dans-les-coulisses-de-ledition-2019\/","title":{"rendered":"Cameroon Business Forum : dans les coulisses de l\u2019\u00e9dition 2019"},"content":{"rendered":"<p>Le th\u00e8me g\u00e9n\u00e9ral de cette grande plateforme d\u2019\u00e9changes et d\u2019actions entre le secteur priv\u00e9, le secteur public et les bailleurs de fonds internationaux est connu. L\u2019\u00e9dition 2019, la 10<sup>\u00e8me<\/sup>, examinera le th\u00e8me \u00ab\u00a0<em>Emergence et d\u00e9veloppement de l\u2019investissement priv\u00e9 au Cameroun<\/em>\u00ab\u00a0. Attendus \u00e0 Douala, plusieurs membres du gouvernement sous la conduite du Premier Ministre \u2018, <strong>Joseph Dion Ngute<\/strong>: les Ministres de la justice, du commerce, des domaines du cadastre et des affaires fonci\u00e8res, ceux des finances, de l\u2019\u00e9conomie et de l\u2019am\u00e9nagement du territoire ou de l\u2019industrie et du d\u00e9veloppement technologique, \u00a0des petites et moyennes entreprises entre autres.<\/p>\n<p>Quatre ateliers soutiennent l\u2019atelier g\u00e9n\u00e9ral retenu cette ann\u00e9e. <strong>Gabriel Dodo Ndoke<\/strong>, le Ministre des mines, de l\u2019industrie et du d\u00e9veloppement technologique interviendra sur le sous-th\u00e8me \u00ab\u00a0<em>Emergence et d\u00e9fi de l\u2019industrialisation<\/em>\u00ab\u00a0. Pour cet atelier, sont annonc\u00e9s comme pan\u00e9listes \u00a0Gabriel Mbairobe \u00a0, le Ministre de l\u2019agriculture et du d\u00e9veloppement rural, le <strong>Dr. Ta\u00efga<\/strong> celui de l\u2019\u00e9levage, des p\u00eaches et des industries animales et <strong>Jules Doret Ndongo<\/strong>, en charge du portefeuille des for\u00eats et de la faune.<\/p>\n<p>\u00ab\u00a0<em>Politique fiscale pour l\u2019\u00e9mergence du Cameroun<\/em>\u00ab\u00a0: c\u2019est le sous-th\u00e8me du second atelier pr\u00e9sent\u00e9 par <strong>Louis Paul Motaze<\/strong>, Ministre des finances, et <strong>Protais Ayangma<\/strong>, le Pr\u00e9sident du l\u2019organisation patronale Entreprises du Cameroun (Ecam). Pan\u00e9listes, <strong>Emmanuel Nganou Djoumessi<\/strong>, le Ministre des travaux publics, <strong>Alamine Ousmane Mey<\/strong> de l\u2019\u00e9conomie, du plan et de l\u2019am\u00e9nagement du territoire, et <strong>Minette Libom li Likeng<\/strong>, des postes et t\u00e9l\u00e9communications.<\/p>\n<p>Le troisi\u00e8me atelier sur \u00ab\u00a0<em>les strat\u00e9gies en mati\u00e8re d\u2019import\/export pour l\u2019\u00e9mergence du Cameroun<\/em>\u00a0\u00bb \u00a0sera conjointement pr\u00e9sent\u00e9 par <strong>Luc Magloire Mbarga Atangana<\/strong>, le Ministre du commerce et <strong>Christophe Eken<\/strong>, le Pr\u00e9sident de la Chambre de commerce. Comme pan\u00e9listes, sont retenus <strong>Jean Ernest Mass\u00e9na Ngalle Bibehe<\/strong>, le Ministre des transports et <strong>Achille lll Bassilekin<\/strong>, celui des petites et moyennes entreprises de l\u2019\u00e9conomie sociale et artisanale.<\/p>\n<p>Des repr\u00e9sentants d\u00e9finis consensuellement par le secteur priv\u00e9 et le secteur public constitueront les intervenants du quatri\u00e8me atelier. Attendu de ces derniers, la structuration de la feuille de route 2019 du Cameroon Business Forum.<\/p>\n<p>Cette \u00e9dition conna\u00eet de grandes innovations sur le plan organisationnel: Sc\u00e8ne imposante, lumi\u00e8res \u00e9blouissantes, \u00e9crans \u00e9merveillants, et sonorisation raffin\u00e9e. L\u2019ensemble am\u00e9nag\u00e9 pour permettre \u00e0 ces \u00e9changes public-priv\u00e9 d\u2019\u00eatre \u00e0 la hauteur du septennat des grandes opportunit\u00e9s. Un new-look technique et communicationnel sous la r\u00e9gie de l\u2019entreprise <strong>Business Facilities Corporation<\/strong>, et \u00a0l\u2019Agence de marketing \u00e9v\u00e8nementiel <strong>EasyGroup<\/strong>, partenaire strat\u00e9gique et technique du comit\u00e9 d\u2019organisation, \u00e9galement partenaire exclusif du leader mondial des technologies \u00e9v\u00e8nementielles en zone Cemac. Le CBF sera d\u00e9sormais \u00e0 l\u2019image des rendez-vous internationaux tels que le CEO Forum, Rebranding Africa ou encore AG FANAF, apprend-on des responsables de cette agence.<\/p>\n<p>Au-del\u00e0 du comit\u00e9 d\u2019organisation, pr\u00e9cisons que cet \u00e9v\u00e8nement, qui mobilise une dizaine d\u2019acteurs \u00e9v\u00e8nementiels, d\u00e9montre \u00e9galement une r\u00e9elle volont\u00e9 du gouvernement de renforcer et d\u2019encourager le partenariat public-priv\u00e9 pour une nation encore plus \u00e9mergente.<\/p>\n<div class=\"about-author about-author-box container-wrapper\">\n<div class=\"author-avatar\">\n<p><img decoding=\"async\" src=\"http:\/\/\" alt=\"\"\/><\/p>\n<\/div>\n<p><h4>La R\u00e9daction EcoMatin<\/h4>\n<\/p>\n<\/div>\n<div class=\"awac-wrapper awac widget blog_subscription-2\">\n<h4 class=\"widget-title\">Abonnez-vous \u00e0 notre lettre d&rsquo;information<\/h4>\n<\/div>\n<p>Auteur: EcoMatin<br \/>\n<a href=\"https:\/\/ecomatin.net\/cameroon-business-forum-dans-les-coulisses-de-ledition-2019\/\">Cliquez ici pour lire l&rsquo;article depuis sa source.<\/a><\/p>\n","protected":false},"excerpt":{"rendered":"<p>Le th\u00e8me g\u00e9n\u00e9ral de cette grande plateforme d\u2019\u00e9changes et d\u2019actions entre le secteur priv\u00e9, le secteur public et les bailleurs de fonds internationaux est connu. L\u2019\u00e9dition 2019, la 10\u00e8me, examinera le th\u00e8me \u00ab\u00a0Emergence et d\u00e9veloppement de l\u2019investissement priv\u00e9 au Cameroun\u00ab\u00a0. Attendus \u00e0 Douala, plusieurs membres du gouvernement sous la conduite du Premier Ministre \u2018, Joseph [&hellip;]<\/p>\n","protected":false},"author":1969,"featured_media":0,"comment_status":"closed","ping_status":"closed","sticky":false,"template":"","format":"standard","meta":{"fifu_image_url":"","fifu_image_alt":"","footnotes":""},"categories":[82,78],"tags":[],"class_list":["post-22700","post","type-post","status-publish","format-standard","hentry","category-cameroun","category-economie"],"_links":{"self":[{"href":"https:\/\/linitiative.ca\/International\/wp-json\/wp\/v2\/posts\/22700","targetHints":{"allow":["GET"]}}],"collection":[{"href":"https:\/\/linitiative.ca\/International\/wp-json\/wp\/v2\/posts"}],"about":[{"href":"https:\/\/linitiative.ca\/International\/wp-json\/wp\/v2\/types\/post"}],"author":[{"embeddable":true,"href":"https:\/\/linitiative.ca\/International\/wp-json\/wp\/v2\/users\/1969"}],"replies":[{"embeddable":true,"href":"https:\/\/linitiative.ca\/International\/wp-json\/wp\/v2\/comments?post=22700"}],"version-history":[{"count":0,"href":"https:\/\/linitiative.ca\/International\/wp-json\/wp\/v2\/posts\/22700\/revisions"}],"wp:attachment":[{"href":"https:\/\/linitiative.ca\/International\/wp-json\/wp\/v2\/media?parent=22700"}],"wp:term":[{"taxonomy":"category","embeddable":true,"href":"https:\/\/linitiative.ca\/International\/wp-json\/wp\/v2\/categories?post=22700"},{"taxonomy":"post_tag","embeddable":true,"href":"https:\/\/linitiative.ca\/International\/wp-json\/wp\/v2\/tags?post=22700"}],"curies":[{"name":"wp","href":"https:\/\/api.w.org\/{rel}","templated":true}]}}