{"id":22702,"date":"2019-03-18T06:24:52","date_gmt":"2019-03-18T10:24:52","guid":{"rendered":"https:\/\/linitiative.ca\/International\/semences-politiques\/"},"modified":"2019-03-18T06:24:52","modified_gmt":"2019-03-18T10:24:52","slug":"semences-politiques","status":"publish","type":"post","link":"https:\/\/linitiative.ca\/International\/semences-politiques\/","title":{"rendered":"Semences politiques"},"content":{"rendered":"<p><a href=\"https:\/\/i0.wp.com\/ecomatin.net\/wp-content\/uploads\/2019\/03\/ecomatin.net-semences-politiques-mien-zock-3.jpg?ssl=1\"><\/p>\n<p><img loading=\"lazy\" decoding=\"async\" data-attachment-id=\"6669\" data-permalink=\"https:\/\/ecomatin.net\/semences-politiques\/mien-zock-3-2\/\" data-orig-file=\"https:\/\/i0.wp.com\/ecomatin.net\/wp-content\/uploads\/2019\/03\/ecomatin.net-semences-politiques-mien-zock-3.jpg?fit=676%2C643&#038;ssl=1\" data-orig-size=\"676,643\" data-comments-opened=\"0\" data-image-meta=\"{\"aperture\":\"0\",\"credit\":\"\",\"camera\":\"\",\"caption\":\"\",\"created_timestamp\":\"0\",\"copyright\":\"\",\"focal_length\":\"0\",\"iso\":\"0\",\"shutter_speed\":\"0\",\"title\":\"\",\"orientation\":\"1\"}\" data-image-title=\"Mien Zock 3\" data-image-description=\"\" data-medium-file=\"https:\/\/i0.wp.com\/ecomatin.net\/wp-content\/uploads\/2019\/03\/ecomatin.net-semences-politiques-mien-zock-3.jpg?fit=300%2C285&#038;ssl=1\" data-large-file=\"https:\/\/i0.wp.com\/ecomatin.net\/wp-content\/uploads\/2019\/03\/ecomatin.net-semences-politiques-mien-zock-3.jpg?fit=676%2C643&#038;ssl=1\" class=\" wp-image-6669 alignleft\" src=\"https:\/\/i0.wp.com\/ecomatin.net\/wp-content\/uploads\/2019\/03\/ecomatin.net-semences-politiques-mien-zock-3.jpg?resize=183%2C174&#038;ssl=1\" alt=\"\" width=\"183\" height=\"174\" srcset=\"https:\/\/i0.wp.com\/ecomatin.net\/wp-content\/uploads\/2019\/03\/ecomatin.net-semences-politiques-mien-zock-3.jpg?w=676&#038;ssl=1 676w, https:\/\/i0.wp.com\/ecomatin.net\/wp-content\/uploads\/2019\/03\/ecomatin.net-semences-politiques-mien-zock-3.jpg?resize=300%2C285&#038;ssl=1 300w\" sizes=\"auto, (max-width: 183px) 100vw, 183px\" data-recalc-dims=\"1\"\/><\/p>\n<p><\/a>Comme la terre, la nature ne ment pas. Malgr\u00e9 les changements climatiques, elle reste fid\u00e8le \u00e0 un cycle et \u00e0 des fr\u00e9quences plus ou moins r\u00e9guliers. La saison s\u00e8che succ\u00e8de \u00e0 la saison des pluies et vice-versa. La boue de l\u2019une vient remplacer la poussi\u00e8re de l\u2019autre et ainsi de suite. En ce mois de mars, les pluies sont de retour et elles annoncent le d\u00e9but de la saison agricole que le Ministre de l\u2019agriculture lance d\u2019ailleurs cette semaine quelque part dans une localit\u00e9 de la r\u00e9gion de l\u2019Ouest. Dans les campagnes et m\u00eame dans les espaces cultiv\u00e9s en zones urbaines, c\u2019est le temps des semailles, des semis et des semences. Le spectacle de ces terres en friche qu\u2019on tourne et retourne pour les pr\u00e9parer \u00e0 recevoir diverses cultures r\u00e9sume \u00e0 merveille l\u2019adage biblique qui proclame: \u00ab\u00a0tu mangeras \u00e0 la sueur de ton front\u00a0\u00bb.<\/p>\n<p>La nature nous parle mais nous refusons de voir et d\u2019\u00e9couter ses enseignements. Il en est de m\u00eame en politique. Le beau temps succ\u00e8de \u00e0 la pluie et vice-versa. Les p\u00e9riodes de disette remplacent les p\u00e9riodes de vaches grasses. Toutefois, l\u2019erreur la plus r\u00e9pandue en politique est de vouloir r\u00e9colter l\u00e0 o\u00f9 on n\u2019a pas sem\u00e9. \u00c0 l\u2019instar de tous ceux qui, tapis bien au chaud dans les all\u00e9es du pouvoir, tr\u00e9pignent d\u2019impatience et pensent le\u00a0 cueillir un jour comme un fruit m\u00fbr, sans aucun effort. Sans avoir esquiss\u00e9 le d\u00e9but du commencement d\u2019un projet politique. Certes de la m\u00eame mani\u00e8re qu\u2019il y a des pluies soudaines sans nuages annonciateurs, il peut y avoir aussi des g\u00e9n\u00e9rations spontan\u00e9es en politique. Mais le mieux c\u2019est encore de se pr\u00e9parer et de travailler.<\/p>\n<blockquote readability=\"8\">\n<p>M\u00eame au V\u00e9n\u00e9zu\u00e9la, le pr\u00e9sident autoproclam\u00e9 et adoub\u00e9 par la fameuse- voire fumeuse- communaut\u00e9 internationale ne parvient pas \u00e0 s\u2019imposer malgr\u00e9 le forcing am\u00e9ricain. \u00c0 chacun sa strat\u00e9gie.<\/p>\n<\/blockquote>\n<p>Ils sont tout aussi nombreux dans les rangs de l\u2019opposition camerounaise qui pensent que des manifestations de rues et des pressions de l\u2019ext\u00e9rieur suffiront \u00e0 leur offrir le pouvoir supr\u00eame sur un plateau d\u2019argent. Ils investissent par cons\u00e9quent les chancelleries de pr\u00e9f\u00e9rence europ\u00e9ennes et am\u00e9ricaines ainsi que les r\u00e9seaux d\u2019influence au d\u00e9triment des tourn\u00e9es et des visites sur le terrain. Cette strat\u00e9gie a montr\u00e9 ses limites depuis plusieurs ann\u00e9es mais nos opposants persistent et signent. M\u00eame au V\u00e9n\u00e9zu\u00e9la, le pr\u00e9sident autoproclam\u00e9 et adoub\u00e9 par la fameuse- voire fumeuse- communaut\u00e9 internationale ne parvient pas \u00e0 s\u2019imposer malgr\u00e9 le forcing am\u00e9ricain. \u00c0 chacun sa strat\u00e9gie.<\/p>\n<blockquote readability=\"7\">\n<p>En r\u00e9alit\u00e9, le succ\u00e8s en politique ne rel\u00e8ve pas du secret: chacun ne doit r\u00e9colter que ce qu\u2019il a sem\u00e9. Que ceux qui attendent la manne du ciel continuent d\u2019attendre<\/p>\n<\/blockquote>\n<p>En r\u00e9alit\u00e9, le succ\u00e8s en politique ne rel\u00e8ve pas du secret: chacun ne doit r\u00e9colter que ce qu\u2019il a sem\u00e9. Que ceux qui attendent la manne du ciel continuent d\u2019attendre. Pendant ce temps, le RDPC, comme le laboureur de la fable, profite du retour des pluies pour b\u00eacher et sarcler son champ avant\u00a0 l\u2019ensemencement. Le week-end prochain, le parti organise des s\u00e9minaires de formation et d\u2019information dans les dix r\u00e9gions du pays. Ils seront suivis par les visites de travail du Secr\u00e9taire G\u00e9n\u00e9ral dans certaines localit\u00e9s. Et ce n\u2019est pas trahir un secret que de dire que ce d\u00e9ploiement permet, entre autres, de pr\u00e9parer les prochaines \u00e9ch\u00e9ances \u00e9lectorales. Qui lui fera le reproche de cultiver ainsi son jardin pour esp\u00e9rer une r\u00e9colte juteuse en termes de suffrages?\u00a0 Les paresseux, les bonimenteurs et les r\u00eaveurs sans doute.<\/p>\n<div class=\"about-author about-author-box container-wrapper\">\n<div class=\"author-avatar\">\n<p><img decoding=\"async\" src=\"http:\/\/\" alt=\"\"\/><\/p>\n<\/div>\n<p><h4>La R\u00e9daction EcoMatin<\/h4>\n<\/p>\n<\/div>\n<div class=\"awac-wrapper awac widget blog_subscription-2\">\n<h4 class=\"widget-title\">Abonnez-vous \u00e0 notre lettre d&rsquo;information<\/h4>\n<\/div>\n<p>Auteur: EcoMatin<br \/>\n<a href=\"https:\/\/ecomatin.net\/semences-politiques\/\">Cliquez ici pour lire l&rsquo;article depuis sa source.<\/a><\/p>\n","protected":false},"excerpt":{"rendered":"<p>Comme la terre, la nature ne ment pas. Malgr\u00e9 les changements climatiques, elle reste fid\u00e8le \u00e0 un cycle et \u00e0 des fr\u00e9quences plus ou moins r\u00e9guliers. La saison s\u00e8che succ\u00e8de \u00e0 la saison des pluies et vice-versa. La boue de l\u2019une vient remplacer la poussi\u00e8re de l\u2019autre et ainsi de suite. En ce mois de [&hellip;]<\/p>\n","protected":false},"author":1969,"featured_media":0,"comment_status":"closed","ping_status":"closed","sticky":false,"template":"","format":"standard","meta":{"fifu_image_url":"","fifu_image_alt":"","footnotes":""},"categories":[82,78],"tags":[],"class_list":["post-22702","post","type-post","status-publish","format-standard","hentry","category-cameroun","category-economie"],"_links":{"self":[{"href":"https:\/\/linitiative.ca\/International\/wp-json\/wp\/v2\/posts\/22702","targetHints":{"allow":["GET"]}}],"collection":[{"href":"https:\/\/linitiative.ca\/International\/wp-json\/wp\/v2\/posts"}],"about":[{"href":"https:\/\/linitiative.ca\/International\/wp-json\/wp\/v2\/types\/post"}],"author":[{"embeddable":true,"href":"https:\/\/linitiative.ca\/International\/wp-json\/wp\/v2\/users\/1969"}],"replies":[{"embeddable":true,"href":"https:\/\/linitiative.ca\/International\/wp-json\/wp\/v2\/comments?post=22702"}],"version-history":[{"count":0,"href":"https:\/\/linitiative.ca\/International\/wp-json\/wp\/v2\/posts\/22702\/revisions"}],"wp:attachment":[{"href":"https:\/\/linitiative.ca\/International\/wp-json\/wp\/v2\/media?parent=22702"}],"wp:term":[{"taxonomy":"category","embeddable":true,"href":"https:\/\/linitiative.ca\/International\/wp-json\/wp\/v2\/categories?post=22702"},{"taxonomy":"post_tag","embeddable":true,"href":"https:\/\/linitiative.ca\/International\/wp-json\/wp\/v2\/tags?post=22702"}],"curies":[{"name":"wp","href":"https:\/\/api.w.org\/{rel}","templated":true}]}}