{"id":22740,"date":"2019-03-19T08:45:21","date_gmt":"2019-03-19T12:45:21","guid":{"rendered":"https:\/\/linitiative.ca\/International\/chlef-neutralisation-dun-reseau-regional-specialise-dans-le-vol-de-vehicules\/"},"modified":"2019-03-19T08:45:21","modified_gmt":"2019-03-19T12:45:21","slug":"chlef-neutralisation-dun-reseau-regional-specialise-dans-le-vol-de-vehicules","status":"publish","type":"post","link":"https:\/\/linitiative.ca\/International\/chlef-neutralisation-dun-reseau-regional-specialise-dans-le-vol-de-vehicules\/","title":{"rendered":"Chlef: neutralisation d\u2019un r\u00e9seau r\u00e9gional sp\u00e9cialis\u00e9 dans le vol de v\u00e9hicules"},"content":{"rendered":"<div>\n<div class=\"K2FeedImage\"><img decoding=\"async\" src=\"http:\/\/www.aps.dz\/media\/k2\/items\/cache\/5f801edd737163f50e24d3d884cf7f2f_S.jpg\" alt=\"Chlef: neutralisation d\u2019un r\u00e9seau r\u00e9gional sp\u00e9cialis\u00e9 dans le vol de v\u00e9hicules\"><\/div>\n<div class=\"K2FeedIntroText\">\n<p><strong>CHLEF &#8211; Un r\u00e9seau criminel sp\u00e9cialis\u00e9 dans le vol de v\u00e9hicules dans la wilaya de Chlef et nombre de wilaya avoisinantes, a \u00e9t\u00e9 mis hors d\u2019\u00e9tat de nuire par le groupement territorial de la Gendarmerie nationale (GN) \u00e0 Chlef, a indiqu\u00e9 un communiqu\u00e9 rendu public mardi par le service de communication de ce corps constitu\u00e9.<\/strong><\/p>\n<\/div>\n<div class=\"K2FeedFullText\">\n<p>Selon le document, cette affaire a \u00e9t\u00e9 mise \u00e0 jour, la semaine \u00e9coul\u00e9e, apr\u00e8s qu\u2019un citoyen de Relizane ait fait l\u2019objet d\u2019une agression suivie du vol de son v\u00e9hicule, par deux personnes.<\/p>\n<p>Le pistage du v\u00e9hicule vol\u00e9, par les services de la GN, a conduit ces derniers dans la ville de Chlef, o\u00f9 les deux passagers abords ont pris la fuite (apr\u00e8s s\u2019\u00eatre rendu compte qu\u2019ils \u00e9taient suivis) , en abandonnant le v\u00e9hicule, sur place.<\/p>\n<hr>\n<h3>Lire aussi:\u00a0<a href=\"http:\/\/www.aps.dz\/societe\/84552-oran-41-affaires-de-vol-de-vehicules-traitees-et-arrestation-de-35-personnes-en-2018\" target=\"_blank\" rel=\"noopener noreferrer\">Oran : 41 affaires de vol de v\u00e9hicules trait\u00e9es et arrestation de 35 personnes en 2018<\/a><\/h3>\n<hr>\n<p>Les deux suspects furent retrouv\u00e9s en un temps record, apr\u00e8s avoir essay\u00e9 de se cacher, au niveau d\u2019un Oued, \u00e0 pr\u00e9s de deux km du lieu o\u00f9 ils ont abandonn\u00e9 le v\u00e9hicule vol\u00e9.<\/p>\n<p>L\u2019enqu\u00eate men\u00e9e \u00e0 propos de cette affaire a prouv\u00e9 leur implication dans un r\u00e9seau r\u00e9gional sp\u00e9cialis\u00e9 dans le vol de v\u00e9hicules, au niveau de nombreuses wilayas (dont Ain Defla, Mascara, Oran, et Relizane), o\u00f9 leurs victimes ont \u00e9t\u00e9 convoqu\u00e9es , et les ont formellement reconnus, est-il soulign\u00e9 dans le m\u00eame document.<\/p>\n<p>Les deux pr\u00e9venus ont \u00e9t\u00e9 plac\u00e9s en d\u00e9tention au niveau de l\u2019\u00e9tablissement de r\u00e9\u00e9ducation de Chlef, pour les chefs d\u2019inculpation de \u00ab\u00a0tentative de meurtre, constitution d\u2019une association de malfaiteurs, et vol aggrav\u00e9\u00a0\u00bb.<\/p>\n<\/div>\n<\/div>\n<p>Auteur:<br \/>\n<a href=\"http:\/\/www.aps.dz\/regions\/87041-chlef-neutralisation-d-un-reseau-regional-specialise-dans-le-vol-de-vehicules\">Cliquez ici pour lire l&rsquo;article depuis sa source.<\/a><\/p>\n","protected":false},"excerpt":{"rendered":"<p>CHLEF &#8211; Un r\u00e9seau criminel sp\u00e9cialis\u00e9 dans le vol de v\u00e9hicules dans la wilaya de Chlef et nombre de wilaya avoisinantes, a \u00e9t\u00e9 mis hors d\u2019\u00e9tat de nuire par le groupement territorial de la Gendarmerie nationale (GN) \u00e0 Chlef, a indiqu\u00e9 un communiqu\u00e9 rendu public mardi par le service de communication de ce corps constitu\u00e9. [&hellip;]<\/p>\n","protected":false},"author":1790,"featured_media":22741,"comment_status":"closed","ping_status":"closed","sticky":false,"template":"","format":"standard","meta":{"fifu_image_url":"","fifu_image_alt":"","footnotes":""},"categories":[53,76],"tags":[],"class_list":["post-22740","post","type-post","status-publish","format-standard","has-post-thumbnail","hentry","category-algerie","category-regions"],"_links":{"self":[{"href":"https:\/\/linitiative.ca\/International\/wp-json\/wp\/v2\/posts\/22740","targetHints":{"allow":["GET"]}}],"collection":[{"href":"https:\/\/linitiative.ca\/International\/wp-json\/wp\/v2\/posts"}],"about":[{"href":"https:\/\/linitiative.ca\/International\/wp-json\/wp\/v2\/types\/post"}],"author":[{"embeddable":true,"href":"https:\/\/linitiative.ca\/International\/wp-json\/wp\/v2\/users\/1790"}],"replies":[{"embeddable":true,"href":"https:\/\/linitiative.ca\/International\/wp-json\/wp\/v2\/comments?post=22740"}],"version-history":[{"count":0,"href":"https:\/\/linitiative.ca\/International\/wp-json\/wp\/v2\/posts\/22740\/revisions"}],"wp:featuredmedia":[{"embeddable":true,"href":"https:\/\/linitiative.ca\/International\/wp-json\/"}],"wp:attachment":[{"href":"https:\/\/linitiative.ca\/International\/wp-json\/wp\/v2\/media?parent=22740"}],"wp:term":[{"taxonomy":"category","embeddable":true,"href":"https:\/\/linitiative.ca\/International\/wp-json\/wp\/v2\/categories?post=22740"},{"taxonomy":"post_tag","embeddable":true,"href":"https:\/\/linitiative.ca\/International\/wp-json\/wp\/v2\/tags?post=22740"}],"curies":[{"name":"wp","href":"https:\/\/api.w.org\/{rel}","templated":true}]}}