{"id":22742,"date":"2019-03-19T10:24:19","date_gmt":"2019-03-19T14:24:19","guid":{"rendered":"https:\/\/linitiative.ca\/International\/tamanrasset-lecole-des-cadets-de-la-nation-baptisee-du-nom-du-defunt-moudjahid-benhaoued-messaoud\/"},"modified":"2019-03-19T10:24:19","modified_gmt":"2019-03-19T14:24:19","slug":"tamanrasset-lecole-des-cadets-de-la-nation-baptisee-du-nom-du-defunt-moudjahid-benhaoued-messaoud","status":"publish","type":"post","link":"https:\/\/linitiative.ca\/International\/tamanrasset-lecole-des-cadets-de-la-nation-baptisee-du-nom-du-defunt-moudjahid-benhaoued-messaoud\/","title":{"rendered":"Tamanrasset: l\u2019\u00e9cole des Cadets de la Nation baptis\u00e9e du nom du d\u00e9funt Moudjahid Benhaoued Messaoud"},"content":{"rendered":"<div>\n<div class=\"K2FeedImage\"><img decoding=\"async\" src=\"http:\/\/www.aps.dz\/media\/k2\/items\/cache\/1599b53bac56a9901762057cb65df35f_S.jpg\" alt=\"Tamanrasset: l\u2019\u00e9cole des Cadets de la Nation baptis\u00e9e du nom du d\u00e9funt Moudjahid Benhaoued Messaoud\"><\/div>\n<div class=\"K2FeedIntroText\">\n<p><strong>TAMANRASSET- L\u2019\u00e9cole des Cadets de la Nation de Tamanrasset, relevant de la 6\u00e8me R\u00e9gion militaire (6\u00e8me RM), a \u00e9t\u00e9 baptis\u00e9e mardi du nom du d\u00e9funt Moudjahid Benhaoued Messaoud.<\/strong><\/p>\n<\/div>\n<div class=\"K2FeedFullText\">\n<p>Co\u00efncidant avec la comm\u00e9moration du 57\u00e8me anniversaire de la f\u00eate de la victoire, la c\u00e9r\u00e9monie de baptisation a \u00e9t\u00e9 pr\u00e9sid\u00e9e par le commandant de la 6\u00e8me RM, le g\u00e9n\u00e9ral-major Mohamed Adjroud, en pr\u00e9sence notamment d\u2019officiers et cadres de la 6\u00e8meRM, de compagnons d\u2019armes et de membres de\u00a0la famille du d\u00e9funt Moudjahid qui a \u00e9t\u00e9 honor\u00e9e \u00e0 cette occasion.<\/p>\n<p>Dans son allocution, le commandant de la 6\u00e8me RM a indiqu\u00e9 que cette date anniversaire marque la comm\u00e9moration d\u2019un \u00e9v\u00e8nement historique, fruit de longues et dures \u00e9pop\u00e9es de la guerre de lib\u00e9ration men\u00e9es par le peuple qui a, arm\u00e9 d\u2019une forte confiance en sa juste cause, fait face \u00e0 l\u2019une des grandes forces coloniales, contraintes ainsi de reconnaitre le droit du peuple alg\u00e9rien \u00e0 son autod\u00e9termination.<\/p>\n<p>N\u00e9 en 1928 dans la r\u00e9gion d\u2019El-Menea (Gharda\u00efa) au sein d\u2019une famille conservatrice, le d\u00e9funt Moudjahid Benhaoued Messaoud a rejoint les rangs de l\u2019Arm\u00e9e de Lib\u00e9ration Nationale (ALN) ou il a \u00e9t\u00e9 charg\u00e9 de la collecte d\u2019armes, d\u2019approvisionnements et d\u2019informations en faveur de l\u2019ALN jusqu\u2019\u00e0\u00a0l\u2019ind\u00e9pendance (1962).<\/p>\n<p>Il a poursuivi son militantisme apr\u00e8s l\u2019ind\u00e9pendance avant de d\u00e9c\u00e9der le 26 f\u00e9vrier 2011.<\/p>\n<p>Cette op\u00e9ration de baptisation intervient en application du programme arr\u00eat\u00e9 par le haut commandement de l\u2019Arm\u00e9e nationale populaire (ANP) portant baptisation des structures et installations militaires de noms de Chouhada de la glorieuse r\u00e9volution dans le but d\u2019ancrer dans les m\u00e9moires le sacrifice des martyrs ayant permis \u00e0 l\u2019Alg\u00e9rie de vivre aujourd\u2019hui dans la libert\u00e9 et la dignit\u00e9.<\/p>\n<p>\u00a0<\/p>\n<\/div>\n<\/div>\n<p>Auteur:<br \/>\n<a href=\"http:\/\/www.aps.dz\/regions\/87048-tamanrasset-l-ecole-des-cadets-de-la-nation-baptisee-du-nom-du-defunt-moudjahid-benhaoued-messaoud\">Cliquez ici pour lire l&rsquo;article depuis sa source.<\/a><\/p>\n","protected":false},"excerpt":{"rendered":"<p>TAMANRASSET- L\u2019\u00e9cole des Cadets de la Nation de Tamanrasset, relevant de la 6\u00e8me R\u00e9gion militaire (6\u00e8me RM), a \u00e9t\u00e9 baptis\u00e9e mardi du nom du d\u00e9funt Moudjahid Benhaoued Messaoud. Co\u00efncidant avec la comm\u00e9moration du 57\u00e8me anniversaire de la f\u00eate de la victoire, la c\u00e9r\u00e9monie de baptisation a \u00e9t\u00e9 pr\u00e9sid\u00e9e par le commandant de la 6\u00e8me RM, [&hellip;]<\/p>\n","protected":false},"author":1790,"featured_media":22743,"comment_status":"closed","ping_status":"closed","sticky":false,"template":"","format":"standard","meta":{"fifu_image_url":"","fifu_image_alt":"","footnotes":""},"categories":[53,76],"tags":[],"class_list":["post-22742","post","type-post","status-publish","format-standard","has-post-thumbnail","hentry","category-algerie","category-regions"],"_links":{"self":[{"href":"https:\/\/linitiative.ca\/International\/wp-json\/wp\/v2\/posts\/22742","targetHints":{"allow":["GET"]}}],"collection":[{"href":"https:\/\/linitiative.ca\/International\/wp-json\/wp\/v2\/posts"}],"about":[{"href":"https:\/\/linitiative.ca\/International\/wp-json\/wp\/v2\/types\/post"}],"author":[{"embeddable":true,"href":"https:\/\/linitiative.ca\/International\/wp-json\/wp\/v2\/users\/1790"}],"replies":[{"embeddable":true,"href":"https:\/\/linitiative.ca\/International\/wp-json\/wp\/v2\/comments?post=22742"}],"version-history":[{"count":0,"href":"https:\/\/linitiative.ca\/International\/wp-json\/wp\/v2\/posts\/22742\/revisions"}],"wp:featuredmedia":[{"embeddable":true,"href":"https:\/\/linitiative.ca\/International\/wp-json\/"}],"wp:attachment":[{"href":"https:\/\/linitiative.ca\/International\/wp-json\/wp\/v2\/media?parent=22742"}],"wp:term":[{"taxonomy":"category","embeddable":true,"href":"https:\/\/linitiative.ca\/International\/wp-json\/wp\/v2\/categories?post=22742"},{"taxonomy":"post_tag","embeddable":true,"href":"https:\/\/linitiative.ca\/International\/wp-json\/wp\/v2\/tags?post=22742"}],"curies":[{"name":"wp","href":"https:\/\/api.w.org\/{rel}","templated":true}]}}