{"id":22744,"date":"2019-03-19T10:34:36","date_gmt":"2019-03-19T14:34:36","guid":{"rendered":"https:\/\/linitiative.ca\/International\/tamanrasset-adapter-les-textes-regissant-le-commerce-exterieur-avec-les-specificites-des-regions-frontalieres\/"},"modified":"2019-03-19T10:34:36","modified_gmt":"2019-03-19T14:34:36","slug":"tamanrasset-adapter-les-textes-regissant-le-commerce-exterieur-avec-les-specificites-des-regions-frontalieres","status":"publish","type":"post","link":"https:\/\/linitiative.ca\/International\/tamanrasset-adapter-les-textes-regissant-le-commerce-exterieur-avec-les-specificites-des-regions-frontalieres\/","title":{"rendered":"Tamanrasset : adapter les textes r\u00e9gissant le commerce ext\u00e9rieur avec les sp\u00e9cificit\u00e9s des r\u00e9gions frontali\u00e8res"},"content":{"rendered":"<div>\n<div class=\"K2FeedImage\"><img decoding=\"async\" src=\"http:\/\/www.aps.dz\/media\/k2\/items\/cache\/fe1b7155d498770cfa8e598d5955096d_S.jpg\" alt=\"Tamanrasset : adapter les textes r\u00e9gissant le commerce ext\u00e9rieur avec les sp\u00e9cificit\u00e9s des r\u00e9gions frontali\u00e8res\"><\/div>\n<div class=\"K2FeedIntroText\">\n<p><strong>TAMANRASSETLes participants \u00e0 une journ\u00e9e d\u2019\u00e9tude sur \u00ab\u00a0le Troc, hier et aujourd\u2019hui\u00a0\u00bb, tenue mardi \u00e0 Tamanrasset dans le cadre de la manifestation commerciale et \u00e9conomique internationale de l\u2019Assihar, ont plaid\u00e9 pour l\u2019adaptation des textes r\u00e9gissant le commerce ext\u00e9rieur avec les sp\u00e9cificit\u00e9s des r\u00e9gions frontali\u00e8res pour promouvoir le troc.<\/strong><\/p>\n<\/div>\n<div class=\"K2FeedFullText\">\n<p>Les participants, \u00e9conomistes et universitaires, ont mis l\u2019accent sur l\u2019importance de la r\u00e9vision des proc\u00e9dures organisationnelles dans la gestion du commerce ext\u00e9rieur, notamment celles li\u00e9es \u00e0 l\u2019exportation, ainsi que l\u2019implication des op\u00e9rateurs \u00e9conomiques dans les concertations\u00a0li\u00e9es aux m\u00e9canismes de relance du commerce ext\u00e9rieur au niveau de la r\u00e9gion du sahel Africain.<\/p>\n<p>Ils ont \u00e9galement appel\u00e9 \u00e0 num\u00e9riser les op\u00e9rations bancaires, \u00e0 tirer profit de l\u2019exp\u00e9rience de l\u2019institution bancaire Essalem-Alg\u00e9rie et \u00e0 d\u00e9velopper l\u2019E-commerce au niveau des entreprises \u00e9conomiques des pays du Sahel.<\/p>\n<p>Les participants ont sugg\u00e9r\u00e9, en outre, l\u2019organisation de journ\u00e9es parlementaires sur les m\u00e9canismes de d\u00e9veloppement du partenariat \u00e9conomique entre les pays du Sahel, la cr\u00e9ation d\u2019un forum international de partenariat \u00e9conomique entre ces pays, ainsi que l\u2019organisation de stages\u00a0sur les modalit\u00e9s de reconversion des entreprises du commerce de troc en entreprises de partenariat \u00e9conomique.<\/p>\n<p>Le programme de cette manifestation a pr\u00e9vu une s\u00e9rie de communications, anim\u00e9es par des universitaires et des \u00e9conomistes, en pr\u00e9sence de repr\u00e9sentants des Chambres de commerce du Mali et du Niger, sur des th\u00e8mes li\u00e9s aux \u00ab\u00a0relations \u00e9conomiques dans le d\u00e9veloppement des r\u00e9gions\u00a0frontali\u00e8res\u00a0\u00bb, \u00ab\u00a0la presse, un alternatif pour se mettre au diapason des mutations \u00e9conomiques au Sahel\u00a0\u00bb, \u00ab\u00a0les m\u00e9canismes de soutien de l\u2019investissement \u00e0 travers le guichet unique de l\u2019agence nationale de d\u00e9veloppement d\u2019 l\u2019investissement (ANDI)\u00a0\u00bb, \u00ab\u00a0le r\u00f4le de l\u2019Assihar dans la promotion des \u00e9changes commerciaux avec les pays voisins\u00a0\u00bb et \u00ab\u00a0les perspectives du commerce ext\u00e9rieur via Tamanrasset \u00e0 destination de l\u2019Afrique\u00a0\u00bb.<\/p>\n<p>L\u2019assihar de Tamanrasset (10 au 20 mars) regroupe plus de 80 entreprises nationales aspirant \u00e0 travers cette manifestation \u00e0 trouver des march\u00e9s ext\u00e9rieurs pour le renforcement des \u00e9changes commerciaux entre l\u2019Alg\u00e9rie et les pays voisins.<\/p>\n<p>\u00a0<\/p>\n<p>\u00a0<\/p>\n<\/div>\n<\/div>\n<p>Auteur:<br \/>\n<a href=\"http:\/\/www.aps.dz\/regions\/87049-tamanrasset-adapter-les-textes-regissant-le-commerce-exterieur-avec-les-specificites-des-regions-frontalieres\">Cliquez ici pour lire l&rsquo;article depuis sa source.<\/a><\/p>\n","protected":false},"excerpt":{"rendered":"<p>TAMANRASSETLes participants \u00e0 une journ\u00e9e d\u2019\u00e9tude sur \u00ab\u00a0le Troc, hier et aujourd\u2019hui\u00a0\u00bb, tenue mardi \u00e0 Tamanrasset dans le cadre de la manifestation commerciale et \u00e9conomique internationale de l\u2019Assihar, ont plaid\u00e9 pour l\u2019adaptation des textes r\u00e9gissant le commerce ext\u00e9rieur avec les sp\u00e9cificit\u00e9s des r\u00e9gions frontali\u00e8res pour promouvoir le troc. Les participants, \u00e9conomistes et universitaires, ont mis [&hellip;]<\/p>\n","protected":false},"author":1790,"featured_media":22745,"comment_status":"closed","ping_status":"closed","sticky":false,"template":"","format":"standard","meta":{"fifu_image_url":"","fifu_image_alt":"","footnotes":""},"categories":[53,76],"tags":[],"class_list":["post-22744","post","type-post","status-publish","format-standard","has-post-thumbnail","hentry","category-algerie","category-regions"],"_links":{"self":[{"href":"https:\/\/linitiative.ca\/International\/wp-json\/wp\/v2\/posts\/22744","targetHints":{"allow":["GET"]}}],"collection":[{"href":"https:\/\/linitiative.ca\/International\/wp-json\/wp\/v2\/posts"}],"about":[{"href":"https:\/\/linitiative.ca\/International\/wp-json\/wp\/v2\/types\/post"}],"author":[{"embeddable":true,"href":"https:\/\/linitiative.ca\/International\/wp-json\/wp\/v2\/users\/1790"}],"replies":[{"embeddable":true,"href":"https:\/\/linitiative.ca\/International\/wp-json\/wp\/v2\/comments?post=22744"}],"version-history":[{"count":0,"href":"https:\/\/linitiative.ca\/International\/wp-json\/wp\/v2\/posts\/22744\/revisions"}],"wp:featuredmedia":[{"embeddable":true,"href":"https:\/\/linitiative.ca\/International\/wp-json\/"}],"wp:attachment":[{"href":"https:\/\/linitiative.ca\/International\/wp-json\/wp\/v2\/media?parent=22744"}],"wp:term":[{"taxonomy":"category","embeddable":true,"href":"https:\/\/linitiative.ca\/International\/wp-json\/wp\/v2\/categories?post=22744"},{"taxonomy":"post_tag","embeddable":true,"href":"https:\/\/linitiative.ca\/International\/wp-json\/wp\/v2\/tags?post=22744"}],"curies":[{"name":"wp","href":"https:\/\/api.w.org\/{rel}","templated":true}]}}