{"id":22760,"date":"2019-03-19T15:13:59","date_gmt":"2019-03-19T19:13:59","guid":{"rendered":"https:\/\/linitiative.ca\/International\/ligue-1-2-mellal-et-zetchi-ont-rendez-vous-aujourdhui\/"},"modified":"2019-03-19T15:13:59","modified_gmt":"2019-03-19T19:13:59","slug":"ligue-1-2-mellal-et-zetchi-ont-rendez-vous-aujourdhui","status":"publish","type":"post","link":"https:\/\/linitiative.ca\/International\/ligue-1-2-mellal-et-zetchi-ont-rendez-vous-aujourdhui\/","title":{"rendered":"Ligue 1 &amp; 2 : Mellal et Zetchi ont rendez-vous aujourd\u2019hui"},"content":{"rendered":"<div readability=\"32\">\n<p>Auteur : <span>Sa\u00efd D.<\/span> <span class=\"time\">mardi 19 mars 2019 11:44<\/span><\/p>\n<\/div>\n<div id=\"post_core\" readability=\"48\">\n<p>Comme annonc\u00e9 sur ces m\u00eames colonnes, le pr\u00e9sident Ch\u00e9rif Mellal tenait co\u00fbte que co\u00fbte \u00e0 rencontrer le pr\u00e9sident de la FAF Kheireddine Zetchi et le pr\u00e9sident de la Ligue Abdelkrim Medouar. Le boss kabyle s\u2019est d\u00e9plac\u00e9, hier, \u00e0 Dely Ibrahim afin de s\u2019entretenir avec le premier responsable de la f\u00e9d\u00e9ration. L\u2019ordre du jour portait essentiellement sur ce qui s\u2019est pass\u00e9 dimanche au stade Imam-Ly\u00e9s de M\u00e9d\u00e9a. Mellal insiste \u00e0 transmettre son message, \u00e0 savoir que la JSK est vis\u00e9e et demeure victime du mauvais arbitrage. Seulement, la rencontre n\u2019a pas eu lieu puisque Zetchi n\u2019\u00e9tait pas pr\u00e9sent dans son bureau. Les deux hommes\u00a0 se sont donn\u00e9 rendez-vous pour aujourd\u2019hui dans la matin\u00e9e afin d\u2019\u00e9taler l\u2019affaire de M\u00e9d\u00e9a et tenter de r\u00e9habiliter la JSK dans ses droits.<br \/><strong>Un dossier lourd dans les mains<\/strong><br \/>Le pr\u00e9sident kabyle n\u2019ira pas aujourd\u2019hui \u00e0 la FAF les mains vides puisque la direction du club a d\u00e9j\u00e0 pr\u00e9par\u00e9 un lourd dossier. Le club devrait d\u00e9poser un recours aupr\u00e8s de la F\u00e9d\u00e9ration et la Ligue, afin d\u2019\u00eatre r\u00e9tabli dans ses droits. Selon nos sources, le dossier de la JSK contient pas mal de justificatifs qui enfoncent les M\u00e9d\u00e9ens et confirment que le club a \u00e9t\u00e9 l\u00e9s\u00e9 \u00e0 M\u00e9d\u00e9a. En plus d\u2019un rapport d\u00e9taill\u00e9 sur ce qui s\u2019est pass\u00e9 avant, durant et apr\u00e8s la rencontre, des s\u00e9quences vid\u00e9os d\u00e9montrant le cauchemar v\u00e9cu dimanche seront jointes au recours des Kabyles. La direction du club ne compte pas l\u00e2cher prise et ne devrait pas se taire.<br \/><strong>\u2026 et sera entendu jeudi avec Boukelkal<\/strong><br \/>Apr\u00e8s sa rencontre avec Zetchi, aujourd\u2019hui, le pr\u00e9sident Ch\u00e9rif Melall devrait s\u2019expliquer devant la Commission de discipline. Le boss kabyle est convoqu\u00e9 jeudi au m\u00eame titre que son homologue de l\u2019OM, Mahfoud Boukelkal, afin de donner leurs versions des faits. Mellal devrait s\u2019appuyer sur le dossier du recours d\u00e9pos\u00e9 au niveau de la FAF avec les m\u00eames pi\u00e8ces jointes.<br \/>\u00a0<\/p>\n<\/div>\n<p>Auteur:<br \/>\n<a href=\"http:\/\/www.lebuteur.com\/article\/detail?titre=mellal-et-zetchi-ont-rendez-vous-aujourdhui&#038;id=87280&#038;utm_source=feedburner&#038;utm_medium=feed&#038;utm_campaign=Feed%3A+GalerieFArtciles+%28Les+derniers+articles++-+lebuteur.com%29\">Cliquez ici pour lire l&rsquo;article depuis sa source.<\/a><\/p>\n","protected":false},"excerpt":{"rendered":"<p>Auteur : Sa\u00efd D. mardi 19 mars 2019 11:44 Comme annonc\u00e9 sur ces m\u00eames colonnes, le pr\u00e9sident Ch\u00e9rif Mellal tenait co\u00fbte que co\u00fbte \u00e0 rencontrer le pr\u00e9sident de la FAF Kheireddine Zetchi et le pr\u00e9sident de la Ligue Abdelkrim Medouar. Le boss kabyle s\u2019est d\u00e9plac\u00e9, hier, \u00e0 Dely Ibrahim afin de s\u2019entretenir avec le premier [&hellip;]<\/p>\n","protected":false},"author":1738,"featured_media":22761,"comment_status":"closed","ping_status":"closed","sticky":false,"template":"","format":"standard","meta":{"fifu_image_url":"","fifu_image_alt":"","footnotes":""},"categories":[53,75],"tags":[],"class_list":["post-22760","post","type-post","status-publish","format-standard","has-post-thumbnail","hentry","category-algerie","category-sport"],"_links":{"self":[{"href":"https:\/\/linitiative.ca\/International\/wp-json\/wp\/v2\/posts\/22760","targetHints":{"allow":["GET"]}}],"collection":[{"href":"https:\/\/linitiative.ca\/International\/wp-json\/wp\/v2\/posts"}],"about":[{"href":"https:\/\/linitiative.ca\/International\/wp-json\/wp\/v2\/types\/post"}],"author":[{"embeddable":true,"href":"https:\/\/linitiative.ca\/International\/wp-json\/wp\/v2\/users\/1738"}],"replies":[{"embeddable":true,"href":"https:\/\/linitiative.ca\/International\/wp-json\/wp\/v2\/comments?post=22760"}],"version-history":[{"count":0,"href":"https:\/\/linitiative.ca\/International\/wp-json\/wp\/v2\/posts\/22760\/revisions"}],"wp:featuredmedia":[{"embeddable":true,"href":"https:\/\/linitiative.ca\/International\/wp-json\/"}],"wp:attachment":[{"href":"https:\/\/linitiative.ca\/International\/wp-json\/wp\/v2\/media?parent=22760"}],"wp:term":[{"taxonomy":"category","embeddable":true,"href":"https:\/\/linitiative.ca\/International\/wp-json\/wp\/v2\/categories?post=22760"},{"taxonomy":"post_tag","embeddable":true,"href":"https:\/\/linitiative.ca\/International\/wp-json\/wp\/v2\/tags?post=22760"}],"curies":[{"name":"wp","href":"https:\/\/api.w.org\/{rel}","templated":true}]}}