{"id":22776,"date":"2019-03-19T15:14:10","date_gmt":"2019-03-19T19:14:10","guid":{"rendered":"https:\/\/linitiative.ca\/International\/international-as-roma-pastore-deja-sur-le-depart\/"},"modified":"2019-03-19T15:14:10","modified_gmt":"2019-03-19T19:14:10","slug":"international-as-roma-pastore-deja-sur-le-depart","status":"publish","type":"post","link":"https:\/\/linitiative.ca\/International\/international-as-roma-pastore-deja-sur-le-depart\/","title":{"rendered":"International : AS Roma : Pastore d\u00e9j\u00e0 sur le d\u00e9part ?"},"content":{"rendered":"<div readability=\"32\">\n<p>Auteur : <span class=\"time\">mardi 19 mars 2019 14:30<\/span><\/p>\n<\/div>\n<div id=\"post_core\" readability=\"44\">\n<p>Il pourrait retourner en Argentine, o\u00f9 River Plate lui ferait de l&rsquo;oeil. L&rsquo;ancien milieu offensif du PSG vit une saison tr\u00e8s difficile, sous la tunique de la Louve. Constamment diminu\u00e9, il n&rsquo;a jou\u00e9 que 11 rencontres de Serie A, depuis l&rsquo;\u00e9t\u00e9 dernier. Il pourrait b\u00e9n\u00e9ficier d&rsquo;un bon de sortie, ces prochains mois. Selon TNT Sports et Topmercato.com, River Plate pense \u00e0 lui pour remplacer Juan Quintero (26 ans), qui s&rsquo;est gravement bless\u00e9 au genou. Il reste \u00e0 voir si le club de Buenos Aires disposera de la tr\u00e9sorerie pour aller au bout de son id\u00e9e.<\/p>\n<p><strong>Publi\u00e9 dans :<\/strong> <span>AS Roma<\/span> <span>pastore<\/span><\/p>\n<\/div>\n<p>Auteur:<br \/>\n<a href=\"http:\/\/www.lebuteur.com\/article\/detail?titre=as-roma-pastore-deja-sur-le-depart&#038;id=87293&#038;utm_source=feedburner&#038;utm_medium=feed&#038;utm_campaign=Feed%3A+GalerieFArtciles+%28Les+derniers+articles++-+lebuteur.com%29\">Cliquez ici pour lire l&rsquo;article depuis sa source.<\/a><\/p>\n","protected":false},"excerpt":{"rendered":"<p>Auteur : mardi 19 mars 2019 14:30 Il pourrait retourner en Argentine, o\u00f9 River Plate lui ferait de l&rsquo;oeil. L&rsquo;ancien milieu offensif du PSG vit une saison tr\u00e8s difficile, sous la tunique de la Louve. Constamment diminu\u00e9, il n&rsquo;a jou\u00e9 que 11 rencontres de Serie A, depuis l&rsquo;\u00e9t\u00e9 dernier. Il pourrait b\u00e9n\u00e9ficier d&rsquo;un bon de [&hellip;]<\/p>\n","protected":false},"author":1738,"featured_media":22777,"comment_status":"closed","ping_status":"closed","sticky":false,"template":"","format":"standard","meta":{"fifu_image_url":"","fifu_image_alt":"","footnotes":""},"categories":[53,75],"tags":[],"class_list":["post-22776","post","type-post","status-publish","format-standard","has-post-thumbnail","hentry","category-algerie","category-sport"],"_links":{"self":[{"href":"https:\/\/linitiative.ca\/International\/wp-json\/wp\/v2\/posts\/22776","targetHints":{"allow":["GET"]}}],"collection":[{"href":"https:\/\/linitiative.ca\/International\/wp-json\/wp\/v2\/posts"}],"about":[{"href":"https:\/\/linitiative.ca\/International\/wp-json\/wp\/v2\/types\/post"}],"author":[{"embeddable":true,"href":"https:\/\/linitiative.ca\/International\/wp-json\/wp\/v2\/users\/1738"}],"replies":[{"embeddable":true,"href":"https:\/\/linitiative.ca\/International\/wp-json\/wp\/v2\/comments?post=22776"}],"version-history":[{"count":0,"href":"https:\/\/linitiative.ca\/International\/wp-json\/wp\/v2\/posts\/22776\/revisions"}],"wp:featuredmedia":[{"embeddable":true,"href":"https:\/\/linitiative.ca\/International\/wp-json\/"}],"wp:attachment":[{"href":"https:\/\/linitiative.ca\/International\/wp-json\/wp\/v2\/media?parent=22776"}],"wp:term":[{"taxonomy":"category","embeddable":true,"href":"https:\/\/linitiative.ca\/International\/wp-json\/wp\/v2\/categories?post=22776"},{"taxonomy":"post_tag","embeddable":true,"href":"https:\/\/linitiative.ca\/International\/wp-json\/wp\/v2\/tags?post=22776"}],"curies":[{"name":"wp","href":"https:\/\/api.w.org\/{rel}","templated":true}]}}