{"id":22778,"date":"2019-03-19T15:14:11","date_gmt":"2019-03-19T19:14:11","guid":{"rendered":"https:\/\/linitiative.ca\/International\/international-barca-les-dirigeants-ne-voudraient-pas-de-griezmann\/"},"modified":"2019-03-19T15:14:11","modified_gmt":"2019-03-19T19:14:11","slug":"international-barca-les-dirigeants-ne-voudraient-pas-de-griezmann","status":"publish","type":"post","link":"https:\/\/linitiative.ca\/International\/international-barca-les-dirigeants-ne-voudraient-pas-de-griezmann\/","title":{"rendered":"International : Bar\u00e7a : les dirigeants ne voudraient pas de Griezmann"},"content":{"rendered":"<div readability=\"32\">\n<p>Auteur : <span class=\"time\">mardi 19 mars 2019 15:15<\/span><\/p>\n<\/div>\n<div id=\"post_core\" readability=\"44\">\n<p>Si l&rsquo;on en croit les informations obtenues par la Cadena Ser et Topmercato.com, les Catalans ne souhaitent pas recruter l&rsquo;attaquant fran\u00e7ais. \u00ab\u00a0Griezmann ? Il faut parler avec lui, mais pour le moment il n&rsquo;y a pas de documentaire pr\u00e9vu. Et m\u00eame s&rsquo;il en avait un, je ne le dirai pas\u00a0\u00bb, a m\u00eame lanc\u00e9 le d\u00e9fenseur G\u00e9rard Piqu\u00e9, en marge de la derni\u00e8re rencontre de Liga. Pour rappel, le natif de M\u00e2con a inscrit 12 buts et d\u00e9livr\u00e9 7 passes d\u00e9cisives en 28 rencontres de championnat, cette saison.<\/p>\n<p><strong>Publi\u00e9 dans :<\/strong> <span>bar\u00e7a<\/span> <span>Antoine Griezmann<\/span><\/p>\n<\/div>\n<p>Auteur:<br \/>\n<a href=\"http:\/\/www.lebuteur.com\/article\/detail?titre=barca-les-dirigeants-ne-voudraient-pas-de-griezmann&#038;id=87294&#038;utm_source=feedburner&#038;utm_medium=feed&#038;utm_campaign=Feed%3A+GalerieFArtciles+%28Les+derniers+articles++-+lebuteur.com%29\">Cliquez ici pour lire l&rsquo;article depuis sa source.<\/a><\/p>\n","protected":false},"excerpt":{"rendered":"<p>Auteur : mardi 19 mars 2019 15:15 Si l&rsquo;on en croit les informations obtenues par la Cadena Ser et Topmercato.com, les Catalans ne souhaitent pas recruter l&rsquo;attaquant fran\u00e7ais. \u00ab\u00a0Griezmann ? Il faut parler avec lui, mais pour le moment il n&rsquo;y a pas de documentaire pr\u00e9vu. Et m\u00eame s&rsquo;il en avait un, je ne le [&hellip;]<\/p>\n","protected":false},"author":1738,"featured_media":22779,"comment_status":"closed","ping_status":"closed","sticky":false,"template":"","format":"standard","meta":{"fifu_image_url":"","fifu_image_alt":"","footnotes":""},"categories":[53,75],"tags":[],"class_list":["post-22778","post","type-post","status-publish","format-standard","has-post-thumbnail","hentry","category-algerie","category-sport"],"_links":{"self":[{"href":"https:\/\/linitiative.ca\/International\/wp-json\/wp\/v2\/posts\/22778","targetHints":{"allow":["GET"]}}],"collection":[{"href":"https:\/\/linitiative.ca\/International\/wp-json\/wp\/v2\/posts"}],"about":[{"href":"https:\/\/linitiative.ca\/International\/wp-json\/wp\/v2\/types\/post"}],"author":[{"embeddable":true,"href":"https:\/\/linitiative.ca\/International\/wp-json\/wp\/v2\/users\/1738"}],"replies":[{"embeddable":true,"href":"https:\/\/linitiative.ca\/International\/wp-json\/wp\/v2\/comments?post=22778"}],"version-history":[{"count":0,"href":"https:\/\/linitiative.ca\/International\/wp-json\/wp\/v2\/posts\/22778\/revisions"}],"wp:featuredmedia":[{"embeddable":true,"href":"https:\/\/linitiative.ca\/International\/wp-json\/"}],"wp:attachment":[{"href":"https:\/\/linitiative.ca\/International\/wp-json\/wp\/v2\/media?parent=22778"}],"wp:term":[{"taxonomy":"category","embeddable":true,"href":"https:\/\/linitiative.ca\/International\/wp-json\/wp\/v2\/categories?post=22778"},{"taxonomy":"post_tag","embeddable":true,"href":"https:\/\/linitiative.ca\/International\/wp-json\/wp\/v2\/tags?post=22778"}],"curies":[{"name":"wp","href":"https:\/\/api.w.org\/{rel}","templated":true}]}}