{"id":22792,"date":"2019-03-19T06:13:03","date_gmt":"2019-03-19T10:13:03","guid":{"rendered":"https:\/\/linitiative.ca\/International\/87032-l1-usm-bel-abbes-un-mois-sans-competition-complique-la-tache-de-l-equipe-pour-le-maintien\/"},"modified":"2019-03-19T06:13:03","modified_gmt":"2019-03-19T10:13:03","slug":"87032-l1-usm-bel-abbes-un-mois-sans-competition-complique-la-tache-de-l-equipe-pour-le-maintien","status":"publish","type":"post","link":"https:\/\/linitiative.ca\/International\/87032-l1-usm-bel-abbes-un-mois-sans-competition-complique-la-tache-de-l-equipe-pour-le-maintien\/","title":{"rendered":"USM Bel Abb\u00e8s: un mois sans comp\u00e9tition complique la t\u00e2che de l\u2019\u00e9quipe pour le maintien\u00a0"},"content":{"rendered":"<div>\n<div class=\"K2FeedImage\"><img decoding=\"async\" src=\"http:\/\/www.aps.dz\/media\/k2\/items\/cache\/d12bd4a718d2bbba6fc6214579a032b9_S.jpg\" alt=\"USM Bel Abb\u00e8s: un mois sans comp\u00e9tition complique la t\u00e2che de l\u2019\u00e9quipe pour le maintien\u00a0\"><\/div>\n<div class=\"K2FeedIntroText\">\n<p>ORAN &#8211; L\u2019USM Bel Abb\u00e8s voit sa mission se compliquer davantage dans la course au maintien en Ligue 1 de football apr\u00e8s s\u2019\u00eatre retrouv\u00e9e contrainte de rester tout un mois sans comp\u00e9tition, a d\u00e9plor\u00e9 mardi son entraineur.<\/p>\n<\/div>\n<div class=\"K2FeedFullText\">\n<blockquote>\n<p><em><strong>Les gars de la \u2018\u2019Mekerra\u2019\u2019, derniers au classement, devaient accueillir le NA Hussein Dey, le 25 mars courant dans le cadre de la mise \u00e0 jour du championnat, avant que la partie ne soit de nouveau annul\u00e9e, comme annonc\u00e9 lundi par la Ligue de football professionnel.<\/strong><\/em><\/p>\n<\/blockquote>\n<p>Du coup, ils devront encore patienter jusqu\u2019au 1er avril prochain pour renouer avec la comp\u00e9tition en rendant visite au MO B\u00e9ja\u00efa, qui lutte lui aussi pour son maintien, en match comptant pour la 25e journ\u00e9e.<\/p>\n<p>La derni\u00e8re sortie officielle des Vert et Rouge remonte au 2 f\u00e9vrier dernier, lorsqu\u2019ils avaient essuy\u00e9 une s\u00e9v\u00e8re d\u00e9faite sur le terrain du CAB Bordj Bou Arr\u00e9ridj (3-1), la troisi\u00e8me de rang l\u2019ayant plong\u00e9 encore dans le doute.<\/p>\n<blockquote>\n<p><strong><em>\u00ab\u00a0Ce nouveau report du match contre le NAHD chamboule compl\u00e8tement nos plans. Nous nous sommes pr\u00e9par\u00e9s depuis plusieurs jours en fonction du programme initial arr\u00eat\u00e9 par la LFP et voil\u00e0 que nous nous retrouvons dans l\u2019obligation de tout revoir\u00a0\u00bb, d\u00e9plore le coach Redouane Haffaf dans une d\u00e9claration \u00e0 l\u2019APS.<\/em><\/strong><\/p>\n<\/blockquote>\n<p>\u00ab\u00a0C\u2019est vraiment trop de rester tout au long d\u2019un mois sans comp\u00e9tition, une situation qui nous p\u00e9nalise davantage\u00a0\u00bb, a-t-il expliqu\u00e9.<\/p>\n<p>N\u00e9anmoins, \u00e0 toute chose malheur est bon, puisque l\u2019ajournement \u00e0 une date ult\u00e9rieure du match contre le NAHD conforte les chances de la participation de trois joueurs cl\u00e9s de l\u2019\u00e9quipe, \u00e0 savoir, Tabti, Legra\u00e2 et Masmoudi, tous les trois convalescents et qui viennent de reprendre seuls la<\/p>\n<p>comp\u00e9tition, a encore pr\u00e9cis\u00e9 Haffaf, quatri\u00e8me entraineur \u00e0 diriger l\u2019USMBA cette saison.<\/p>\n<p>Face \u00e0 l\u2019al\u00e9a des reports \u00e0 r\u00e9p\u00e9tition des rencontres du championnat, le responsable technique du d\u00e9tenteur de la Coupe d\u2019Alg\u00e9rie, la saison pass\u00e9e, a programm\u00e9 un nouveau match amical pour ses cap\u00e9s, afin de leur permettre de maintenir, un tant soit peu, leur forme comp\u00e9titive.<\/p>\n<blockquote>\n<p><em><strong>\u00ab\u00a0Nous avons pr\u00e9vu de donner la r\u00e9plique, mercredi, au WA Tlemcen (Ligue 2), mais nous souhaitons \u00eatre fix\u00e9s une fois pour toute sur les dates de nos deux matchs en retard contre le NAHD et la JS Saoura, ainsi que des journ\u00e9es restantes\u00a0\u00bb, a-t-il conclu.<\/strong><\/em><\/p>\n<\/blockquote>\n<p>L\u2019USMBA ferme la marche du classement de la Ligue 1 avec 19 points, accusant un retard de six points sur le 13e et premier non rel\u00e9gable, l\u2019O M\u00e9d\u00e9a, mais compte deux matchs en moins.<\/p>\n<\/div>\n<p><img loading=\"lazy\" decoding=\"async\" src=\"http:\/\/feeds.feedburner.com\/~r\/aps-sport\/~4\/02jDpe46IBQ\" height=\"1\" width=\"1\" alt=\"\"><\/div>\n<p>Auteur:<br \/>\n<a href=\"http:\/\/www.aps.dz\/sport\/87032-l1-usm-bel-abbes-un-mois-sans-competition-complique-la-tache-de-l-equipe-pour-le-maintien?utm_source=feedburner&#038;utm_medium=feed&#038;utm_campaign=Feed%3A+aps-sport+%28APS+-+SPORT%29\">Cliquez ici pour lire l&rsquo;article depuis sa source.<\/a><\/p>\n","protected":false},"excerpt":{"rendered":"<p>ORAN &#8211; L\u2019USM Bel Abb\u00e8s voit sa mission se compliquer davantage dans la course au maintien en Ligue 1 de football apr\u00e8s s\u2019\u00eatre retrouv\u00e9e contrainte de rester tout un mois sans comp\u00e9tition, a d\u00e9plor\u00e9 mardi son entraineur. Les gars de la \u2018\u2019Mekerra\u2019\u2019, derniers au classement, devaient accueillir le NA Hussein Dey, le 25 mars courant [&hellip;]<\/p>\n","protected":false},"author":1790,"featured_media":22793,"comment_status":"closed","ping_status":"closed","sticky":false,"template":"","format":"standard","meta":{"fifu_image_url":"","fifu_image_alt":"","footnotes":""},"categories":[53,75],"tags":[],"class_list":["post-22792","post","type-post","status-publish","format-standard","has-post-thumbnail","hentry","category-algerie","category-sport"],"_links":{"self":[{"href":"https:\/\/linitiative.ca\/International\/wp-json\/wp\/v2\/posts\/22792","targetHints":{"allow":["GET"]}}],"collection":[{"href":"https:\/\/linitiative.ca\/International\/wp-json\/wp\/v2\/posts"}],"about":[{"href":"https:\/\/linitiative.ca\/International\/wp-json\/wp\/v2\/types\/post"}],"author":[{"embeddable":true,"href":"https:\/\/linitiative.ca\/International\/wp-json\/wp\/v2\/users\/1790"}],"replies":[{"embeddable":true,"href":"https:\/\/linitiative.ca\/International\/wp-json\/wp\/v2\/comments?post=22792"}],"version-history":[{"count":0,"href":"https:\/\/linitiative.ca\/International\/wp-json\/wp\/v2\/posts\/22792\/revisions"}],"wp:featuredmedia":[{"embeddable":true,"href":"https:\/\/linitiative.ca\/International\/wp-json\/"}],"wp:attachment":[{"href":"https:\/\/linitiative.ca\/International\/wp-json\/wp\/v2\/media?parent=22792"}],"wp:term":[{"taxonomy":"category","embeddable":true,"href":"https:\/\/linitiative.ca\/International\/wp-json\/wp\/v2\/categories?post=22792"},{"taxonomy":"post_tag","embeddable":true,"href":"https:\/\/linitiative.ca\/International\/wp-json\/wp\/v2\/tags?post=22792"}],"curies":[{"name":"wp","href":"https:\/\/api.w.org\/{rel}","templated":true}]}}