{"id":22794,"date":"2019-03-19T07:18:35","date_gmt":"2019-03-19T11:18:35","guid":{"rendered":"https:\/\/linitiative.ca\/International\/87034-can-2019-qualifications-le-groupe-au-complet-les-choses-serieuses-commencent-pour-la-gambie\/"},"modified":"2019-03-19T07:18:35","modified_gmt":"2019-03-19T11:18:35","slug":"87034-can-2019-qualifications-le-groupe-au-complet-les-choses-serieuses-commencent-pour-la-gambie","status":"publish","type":"post","link":"https:\/\/linitiative.ca\/International\/87034-can-2019-qualifications-le-groupe-au-complet-les-choses-serieuses-commencent-pour-la-gambie\/","title":{"rendered":"CAN-2019 (Qualifications): le groupe au complet, les choses s\u00e9rieuses commencent pour la Gambie"},"content":{"rendered":"<div>\n<div class=\"K2FeedImage\"><img decoding=\"async\" src=\"http:\/\/www.aps.dz\/media\/k2\/items\/cache\/fe4cfeaeb3fb6d9362960ec16eee566e_S.jpg\" alt=\"CAN-2019 (Qualifications): le groupe au complet, les choses s\u00e9rieuses commencent pour la Gambie\"><\/div>\n<div class=\"K2FeedIntroText\">\n<p><strong>ALGER &#8211; Les 26 joueurs convoqu\u00e9s par le s\u00e9lectionneur national, Djamel Belmadi, ont rejoint lundi le centre technique national de Sidi Moussa, en vue de la r\u00e9ception de la Gambie, vendredi prochain au <a href=\"http:\/\/www.aps.dz\/sport\/87018-foot-algerie-gambie-mise-en-vente-mercredi-de-22-000-billets-au-stade-tchaker\" target=\"_blank\" rel=\"noopener noreferrer\">stade Mustapha-Tchaker de Blida<\/a> (20h45), dans le cadre de la 6e et derni\u00e8re journ\u00e9e (Gr.D) des qualifications de la Coupe d&rsquo;Afrique des nations CAN-2019.<\/strong><\/p>\n<\/div>\n<div class=\"K2FeedFullText\">\n<p>Pour la premi\u00e8re s\u00e9ance d\u2019entrainement, le s\u00e9lectionneur national a scind\u00e9 le groupe en deux. Le premier, compos\u00e9 des joueurs qui ont disput\u00e9 des matches la veille de leur arriv\u00e9e, s\u2019est rendu au Centre National de la M\u00e9decine du Sport (CNMS) pour une s\u00e9ance de Cryoth\u00e9rapie, exposant notamment le corps \u00e0 un froid extr\u00eame pour faciliter la r\u00e9cup\u00e9ration, pr\u00e9cise la f\u00e9d\u00e9ration alg\u00e9rienne (FAF) sur son site officiel, soulignant que le reste du groupe a rejoint le terrain d\u2019entrainement.<\/p>\n<p>Quatre nouveaux joueurs int\u00e8grent les rangs des Verts pour la premi\u00e8re fois. Il s&rsquo;agit de Victor Lekhal (Le Havre\/ France), ainsi que du trio du Paradou AC : Zakaria Na\u00efdji, Hicham Boudaoui, et Ha\u00efthem Loucif.<\/p>\n<hr>\n<h3>Lire aussi:\u00a0<a href=\"http:\/\/www.aps.dz\/sport\/86961-qualifications-can-2019-algerie-gambie-une-revue-d-effectif-en-vue-de-la-phase-finale\" target=\"_blank\" rel=\"noopener noreferrer\">Qualifications CAN 2019 (Alg\u00e9rie-Gambie): \u00ab\u00a0Une revue d\u2019effectif en vue de la phase finale\u00a0\u00bb<\/a><\/h3>\n<hr>\n<p>En revanche, le coach national n&rsquo;a pas jug\u00e9 utile de convoquer plusieurs cadres \u00e0 l&rsquo;image de Yacine Brahimi (FC Porto), Islam Slimani (Fenerbah\u00e7e) ou encore le gardien de but Rais M&rsquo;bolhi (Al-Ittifaq).<\/p>\n<p>Apr\u00e8s le rendez-vous face \u00e0 la Gambie, les Verts encha\u00eeneront quatre jours plus tard, avec un match amical face \u00e0 la Tunisie, le mardi 26 mars \u00e0 Blida (20h45).<\/p>\n<p>L&rsquo;\u00e9quipe nationale a d\u00e9j\u00e0 valid\u00e9 son billet pour la phase finale de la CAN-2019 en Egypte (21 juin &#8211; 19 juillet), gr\u00e2ce \u00e0 la victoire d\u00e9croch\u00e9e le 18 novembre dernier face au Togo \u00e0 Lom\u00e9 (4-1), \u00e0 l&rsquo;occasion de la 5e journ\u00e9e.<\/p>\n<\/div>\n<p><img loading=\"lazy\" decoding=\"async\" src=\"http:\/\/feeds.feedburner.com\/~r\/aps-sport\/~4\/a3O8ibtkqFU\" height=\"1\" width=\"1\" alt=\"\"><\/div>\n<p>Auteur:<br \/>\n<a href=\"http:\/\/www.aps.dz\/sport\/87034-can-2019-qualifications-le-groupe-au-complet-les-choses-serieuses-commencent-pour-la-gambie?utm_source=feedburner&#038;utm_medium=feed&#038;utm_campaign=Feed%3A+aps-sport+%28APS+-+SPORT%29\">Cliquez ici pour lire l&rsquo;article depuis sa source.<\/a><\/p>\n","protected":false},"excerpt":{"rendered":"<p>ALGER &#8211; Les 26 joueurs convoqu\u00e9s par le s\u00e9lectionneur national, Djamel Belmadi, ont rejoint lundi le centre technique national de Sidi Moussa, en vue de la r\u00e9ception de la Gambie, vendredi prochain au stade Mustapha-Tchaker de Blida (20h45), dans le cadre de la 6e et derni\u00e8re journ\u00e9e (Gr.D) des qualifications de la Coupe d&rsquo;Afrique des [&hellip;]<\/p>\n","protected":false},"author":1790,"featured_media":22795,"comment_status":"closed","ping_status":"closed","sticky":false,"template":"","format":"standard","meta":{"fifu_image_url":"","fifu_image_alt":"","footnotes":""},"categories":[53,75],"tags":[],"class_list":["post-22794","post","type-post","status-publish","format-standard","has-post-thumbnail","hentry","category-algerie","category-sport"],"_links":{"self":[{"href":"https:\/\/linitiative.ca\/International\/wp-json\/wp\/v2\/posts\/22794","targetHints":{"allow":["GET"]}}],"collection":[{"href":"https:\/\/linitiative.ca\/International\/wp-json\/wp\/v2\/posts"}],"about":[{"href":"https:\/\/linitiative.ca\/International\/wp-json\/wp\/v2\/types\/post"}],"author":[{"embeddable":true,"href":"https:\/\/linitiative.ca\/International\/wp-json\/wp\/v2\/users\/1790"}],"replies":[{"embeddable":true,"href":"https:\/\/linitiative.ca\/International\/wp-json\/wp\/v2\/comments?post=22794"}],"version-history":[{"count":0,"href":"https:\/\/linitiative.ca\/International\/wp-json\/wp\/v2\/posts\/22794\/revisions"}],"wp:featuredmedia":[{"embeddable":true,"href":"https:\/\/linitiative.ca\/International\/wp-json\/"}],"wp:attachment":[{"href":"https:\/\/linitiative.ca\/International\/wp-json\/wp\/v2\/media?parent=22794"}],"wp:term":[{"taxonomy":"category","embeddable":true,"href":"https:\/\/linitiative.ca\/International\/wp-json\/wp\/v2\/categories?post=22794"},{"taxonomy":"post_tag","embeddable":true,"href":"https:\/\/linitiative.ca\/International\/wp-json\/wp\/v2\/tags?post=22794"}],"curies":[{"name":"wp","href":"https:\/\/api.w.org\/{rel}","templated":true}]}}