{"id":22796,"date":"2019-03-19T08:04:30","date_gmt":"2019-03-19T12:04:30","guid":{"rendered":"https:\/\/linitiative.ca\/International\/87039-voile-la-selection-algerienne-optimist-en-lice-au-championnat-tunisien-de-printemps\/"},"modified":"2019-03-19T08:04:30","modified_gmt":"2019-03-19T12:04:30","slug":"87039-voile-la-selection-algerienne-optimist-en-lice-au-championnat-tunisien-de-printemps","status":"publish","type":"post","link":"https:\/\/linitiative.ca\/International\/87039-voile-la-selection-algerienne-optimist-en-lice-au-championnat-tunisien-de-printemps\/","title":{"rendered":"Voile: la s\u00e9lection alg\u00e9rienne \u00ab\u00a0Optimist\u00a0\u00bb en lice au championnat tunisien de printemps"},"content":{"rendered":"<div>\n<div class=\"K2FeedImage\"><img decoding=\"async\" src=\"http:\/\/www.aps.dz\/media\/k2\/items\/cache\/5116f59e0fe1697da1dcf459e602c1d6_S.jpg\" alt=\"Voile: la s\u00e9lection alg\u00e9rienne \" optimist en lice au championnat tunisien de printemps><\/div>\n<div class=\"K2FeedIntroText\">\n<p>\u00a0<\/p>\n<p>ALGER &#8211; La s\u00e9lection alg\u00e9rienne de voile prendra part au championnat tunisien de printemps, sp\u00e9cialit\u00e9 \u00ab\u00a0Optimist\u00a0\u00bb, pr\u00e9vu du 20 au 23 mars 2019, \u00e0 Djerba, a-t-on appris mardi aupr\u00e8s de la f\u00e9d\u00e9ration alg\u00e9rienne de la discipline (FAV).<\/p>\n<\/div>\n<div class=\"K2FeedFullText\">\n<blockquote>\n<p><em><strong>L&rsquo;objectif de la participation de l&rsquo;\u00e9lite nationale dans cette sp\u00e9cialit\u00e9, qui concerne les U15, est \u00ab\u00a0de faire une bonne pr\u00e9paration en pr\u00e9vision du Championnat arabe qui se tiendra juin prochain en Egypte\u00a0\u00bb, a indiqu\u00e9 \u00e0 l&rsquo;APS, le DEN par int\u00e9rim Redouane Abbas .<\/strong><\/em><\/p>\n<\/blockquote>\n<p>Avant le championnat tunisien, l&rsquo;\u00e9quipe nationale a effectu\u00e9 un stage de cinq jours (13-18 mars) \u00e0 l&rsquo;Ecole Nationale des Sports Aquatiques et Subaquatiques de Bordj El-Bahri (Alger), avec six v\u00e9liplanchistes dont deux filles.<\/p>\n<p>\u00a0<\/p>\n<p><strong>Les noms des athl\u00e8tes:<\/strong><\/p>\n<p>&#8211; Yanis Amriche (Sporting Casbah)<\/p>\n<p>&#8211; Nazim El Saidi (Sahel Nautique El Biar)<\/p>\n<p>&#8211; Nassim Abbas (JSM Marsa)<\/p>\n<p>&#8211; Abdelhakim Benchema (CN Tipasa)<\/p>\n<p>&#8211; Sofia Ourabeh (AN Alger-Plage)<\/p>\n<p>&#8211; Niaama Laalaoui (CN Tipasa)<\/p>\n<p>Entra\u00eeneur: Karim Boukerrouche.<\/p>\n<p>\u00a0<\/p>\n<\/div>\n<p><img loading=\"lazy\" decoding=\"async\" src=\"http:\/\/feeds.feedburner.com\/~r\/aps-sport\/~4\/Ou0WTaaD_Bc\" height=\"1\" width=\"1\" alt=\"\"><\/div>\n<p>Auteur:<br \/>\n<a href=\"http:\/\/www.aps.dz\/sport\/87039-voile-la-selection-algerienne-optimist-en-lice-au-championnat-tunisien-de-printemps?utm_source=feedburner&#038;utm_medium=feed&#038;utm_campaign=Feed%3A+aps-sport+%28APS+-+SPORT%29\">Cliquez ici pour lire l&rsquo;article depuis sa source.<\/a><\/p>\n","protected":false},"excerpt":{"rendered":"<p>\u00a0 ALGER &#8211; La s\u00e9lection alg\u00e9rienne de voile prendra part au championnat tunisien de printemps, sp\u00e9cialit\u00e9 \u00ab\u00a0Optimist\u00a0\u00bb, pr\u00e9vu du 20 au 23 mars 2019, \u00e0 Djerba, a-t-on appris mardi aupr\u00e8s de la f\u00e9d\u00e9ration alg\u00e9rienne de la discipline (FAV). L&rsquo;objectif de la participation de l&rsquo;\u00e9lite nationale dans cette sp\u00e9cialit\u00e9, qui concerne les U15, est \u00ab\u00a0de faire [&hellip;]<\/p>\n","protected":false},"author":1790,"featured_media":22797,"comment_status":"closed","ping_status":"closed","sticky":false,"template":"","format":"standard","meta":{"fifu_image_url":"","fifu_image_alt":"","footnotes":""},"categories":[53,75],"tags":[],"class_list":["post-22796","post","type-post","status-publish","format-standard","has-post-thumbnail","hentry","category-algerie","category-sport"],"_links":{"self":[{"href":"https:\/\/linitiative.ca\/International\/wp-json\/wp\/v2\/posts\/22796","targetHints":{"allow":["GET"]}}],"collection":[{"href":"https:\/\/linitiative.ca\/International\/wp-json\/wp\/v2\/posts"}],"about":[{"href":"https:\/\/linitiative.ca\/International\/wp-json\/wp\/v2\/types\/post"}],"author":[{"embeddable":true,"href":"https:\/\/linitiative.ca\/International\/wp-json\/wp\/v2\/users\/1790"}],"replies":[{"embeddable":true,"href":"https:\/\/linitiative.ca\/International\/wp-json\/wp\/v2\/comments?post=22796"}],"version-history":[{"count":0,"href":"https:\/\/linitiative.ca\/International\/wp-json\/wp\/v2\/posts\/22796\/revisions"}],"wp:featuredmedia":[{"embeddable":true,"href":"https:\/\/linitiative.ca\/International\/wp-json\/"}],"wp:attachment":[{"href":"https:\/\/linitiative.ca\/International\/wp-json\/wp\/v2\/media?parent=22796"}],"wp:term":[{"taxonomy":"category","embeddable":true,"href":"https:\/\/linitiative.ca\/International\/wp-json\/wp\/v2\/categories?post=22796"},{"taxonomy":"post_tag","embeddable":true,"href":"https:\/\/linitiative.ca\/International\/wp-json\/wp\/v2\/tags?post=22796"}],"curies":[{"name":"wp","href":"https:\/\/api.w.org\/{rel}","templated":true}]}}