{"id":22800,"date":"2019-03-19T10:15:08","date_gmt":"2019-03-19T14:15:08","guid":{"rendered":"https:\/\/linitiative.ca\/International\/87046-cyclisme-championnats-d-afrique-medaille-de-bronze-pour-islam-mansouri\/"},"modified":"2019-03-19T10:15:08","modified_gmt":"2019-03-19T14:15:08","slug":"87046-cyclisme-championnats-d-afrique-medaille-de-bronze-pour-islam-mansouri","status":"publish","type":"post","link":"https:\/\/linitiative.ca\/International\/87046-cyclisme-championnats-d-afrique-medaille-de-bronze-pour-islam-mansouri\/","title":{"rendered":"Cyclisme\/Championnats d&rsquo;Afrique : m\u00e9daille de bronze pour Islam Mansouri\u00a0"},"content":{"rendered":"<div>\n<div class=\"K2FeedImage\"><img decoding=\"async\" src=\"http:\/\/www.aps.dz\/media\/k2\/items\/cache\/299d121dfc4c0a60e278c8182f69c00f_S.jpg\" alt=\"Cyclisme\/Championnats d'Afrique : m\u00e9daille de bronze pour Islam Mansouri\u00a0\"><\/div>\n<div class=\"K2FeedIntroText\">\n<p><strong>ADDIS ABBEBA- Le cycliste alg\u00e9rien, Islam Mansouri, a remport\u00e9 la m\u00e9daille de bronze du contre-la-montre individuel (U-23) des championnats d\u2019Afrique qui se d\u00e9roulent du 15 au 20 mars dans la ville de Bahir Dar (Ethiopie), a indiqu\u00e9 samedi la F\u00e9d\u00e9ration alg\u00e9rienne de la discipline (FAC).<\/strong><\/p>\n<\/div>\n<div class=\"K2FeedFullText\">\n<p>Mardi, la s\u00e9lection nationale seniors sera en lice sur la course en ligne, longue de 174 km.<\/p>\n<p>La s\u00e9lection alg\u00e9rienne est compos\u00e9e de huit cyclistes, en l&rsquo;occurrence : Azzedine Lagab, Youcef Reguigui, Abderrahmane Mansouri, Abderaouf Bengayou, Abdellah Benyoucef, Yacine Hamza, Nacim Sa\u00efdi et Islam Mansouri, sous la direction du coach national Ch\u00e9rif Merabet<\/p>\n<\/div>\n<p><img loading=\"lazy\" decoding=\"async\" src=\"http:\/\/feeds.feedburner.com\/~r\/aps-sport\/~4\/CG7G3pps9hA\" height=\"1\" width=\"1\" alt=\"\"><\/div>\n<p>Auteur:<br \/>\n<a href=\"http:\/\/www.aps.dz\/sport\/87046-cyclisme-championnats-d-afrique-medaille-de-bronze-pour-islam-mansouri?utm_source=feedburner&#038;utm_medium=feed&#038;utm_campaign=Feed%3A+aps-sport+%28APS+-+SPORT%29\">Cliquez ici pour lire l&rsquo;article depuis sa source.<\/a><\/p>\n","protected":false},"excerpt":{"rendered":"<p>ADDIS ABBEBA- Le cycliste alg\u00e9rien, Islam Mansouri, a remport\u00e9 la m\u00e9daille de bronze du contre-la-montre individuel (U-23) des championnats d\u2019Afrique qui se d\u00e9roulent du 15 au 20 mars dans la ville de Bahir Dar (Ethiopie), a indiqu\u00e9 samedi la F\u00e9d\u00e9ration alg\u00e9rienne de la discipline (FAC). Mardi, la s\u00e9lection nationale seniors sera en lice sur la [&hellip;]<\/p>\n","protected":false},"author":1790,"featured_media":22801,"comment_status":"closed","ping_status":"closed","sticky":false,"template":"","format":"standard","meta":{"fifu_image_url":"","fifu_image_alt":"","footnotes":""},"categories":[53,75],"tags":[],"class_list":["post-22800","post","type-post","status-publish","format-standard","has-post-thumbnail","hentry","category-algerie","category-sport"],"_links":{"self":[{"href":"https:\/\/linitiative.ca\/International\/wp-json\/wp\/v2\/posts\/22800","targetHints":{"allow":["GET"]}}],"collection":[{"href":"https:\/\/linitiative.ca\/International\/wp-json\/wp\/v2\/posts"}],"about":[{"href":"https:\/\/linitiative.ca\/International\/wp-json\/wp\/v2\/types\/post"}],"author":[{"embeddable":true,"href":"https:\/\/linitiative.ca\/International\/wp-json\/wp\/v2\/users\/1790"}],"replies":[{"embeddable":true,"href":"https:\/\/linitiative.ca\/International\/wp-json\/wp\/v2\/comments?post=22800"}],"version-history":[{"count":0,"href":"https:\/\/linitiative.ca\/International\/wp-json\/wp\/v2\/posts\/22800\/revisions"}],"wp:featuredmedia":[{"embeddable":true,"href":"https:\/\/linitiative.ca\/International\/wp-json\/"}],"wp:attachment":[{"href":"https:\/\/linitiative.ca\/International\/wp-json\/wp\/v2\/media?parent=22800"}],"wp:term":[{"taxonomy":"category","embeddable":true,"href":"https:\/\/linitiative.ca\/International\/wp-json\/wp\/v2\/categories?post=22800"},{"taxonomy":"post_tag","embeddable":true,"href":"https:\/\/linitiative.ca\/International\/wp-json\/wp\/v2\/tags?post=22800"}],"curies":[{"name":"wp","href":"https:\/\/api.w.org\/{rel}","templated":true}]}}