{"id":22802,"date":"2019-03-19T10:48:21","date_gmt":"2019-03-19T14:48:21","guid":{"rendered":"https:\/\/linitiative.ca\/International\/87050-rallye-touareg-grave-accident-dans-la-region-de-beni-abbes\/"},"modified":"2019-03-19T10:48:21","modified_gmt":"2019-03-19T14:48:21","slug":"87050-rallye-touareg-grave-accident-dans-la-region-de-beni-abbes","status":"publish","type":"post","link":"https:\/\/linitiative.ca\/International\/87050-rallye-touareg-grave-accident-dans-la-region-de-beni-abbes\/","title":{"rendered":"Rallye Touareg \u00e0 El-Ouata: d\u00e9c\u00e8s d&rsquo;un pilote Italien"},"content":{"rendered":"<div>\n<div class=\"K2FeedImage\"><img decoding=\"async\" src=\"http:\/\/www.aps.dz\/media\/k2\/items\/cache\/153271f96956cec45d357094e750e38d_S.jpg\" alt=\"Rallye Touareg \u00e0 El-Ouata: d\u00e9c\u00e8s d'un pilote Italien\"><\/div>\n<div class=\"K2FeedIntroText\">\n<p><strong>BECHAR &#8211; Un pilote Italien participant au rallye Touareg est d\u00e9c\u00e9d\u00e9 \u00e0 la suite d\u2019un grave accident de son quad mardi dans la r\u00e9gion d\u2019El Ouata, a appris l&rsquo;APS aupr\u00e8s de la direction de l\u2019\u00e9tablissement public hospitalier de B\u00e9ni-Abb\u00e8s.<\/strong><\/p>\n<\/div>\n<div class=\"K2FeedFullText\">\n<p>Le corps de la victime a \u00e9t\u00e9 achemin\u00e9 vers l\u2019h\u00f4pital par les services de la protection civile ou le d\u00e9c\u00e8s du pilote a \u00e9t\u00e9 constat\u00e9 par les m\u00e9decins de l\u2019h\u00f4pital, a pr\u00e9cis\u00e9 la m\u00eame source \u00e0 l\u2019APS.<\/p>\n<p>L\u2019accident est survenu peu avant midi dans la r\u00e9gion d\u2019El- Ouata, collectivit\u00e9 relevant de la wilaya-d\u00e9l\u00e9gu\u00e9e de B\u00e9ni-Abb\u00e8s et situ\u00e9e \u00e0 173 km au sud de Bechar.<\/p>\n<p>Pour l\u2019instant aucune information sur les circonstances de ce drame n\u2019a \u00e9t\u00e9 donn\u00e9e par les organisateurs de ce rallye international auquel prennent part 250 pilotes de plusieurs pays, parmi eux 20 alg\u00e9riens.<\/p>\n<p>\u00a0<\/p>\n<p style=\"text-align: center;\"><strong>Rallye Touareg: grave accident dans la r\u00e9gion de B\u00e9ni-Abb\u00e8s<\/strong><\/p>\n<p style=\"text-align: left;\">\u00a0<\/p>\n<p style=\"text-align: left;\">Un grave accident est survenu mardi dans l\u2019une des zones d\u00e9sertiques de la r\u00e9gion de B\u00e9ni-Abb\u00e8s, lors de la troisi\u00e8me \u00e9tape du rallye Touareg (B\u00e9ni-Abbes\/ El-Ouata), a-t-on appris aupr\u00e8s des organisateurs.<\/p>\n<p>Pour le moment, aucun d\u00e9tail n\u2019est fourni sur ce grave accident survenu dans une zone \u00e9loign\u00e9e de l&rsquo;erg occidental de la r\u00e9gion de B\u00e9ni-Abb\u00e8s, a indiqu\u00e9 \u00e0 l&rsquo;APS Mahfoud Mesbah.<\/p>\n<blockquote>\n<p><em><strong>Le pilote Alg\u00e9rien Abdelkader Mebarki s\u2019est class\u00e9 \u00e0 la troisi\u00e8me place en moto au cours de la 2\u00e8me \u00e9tape de ce rallye qui est de 180 km de pistes, dunes et autres hamadas de la r\u00e9gion de B\u00e9ni-Abb\u00e8s, tandis que Lotfi Ben Mansour a remport\u00e9 la premi\u00e8re place sur ce m\u00eame parcours en v\u00e9hicule (Car Pro) et un autre pilote alg\u00e9rien Mohamed Islam Sab en quad.<\/strong><\/em><\/p>\n<\/blockquote>\n<p>Les r\u00e9sultats de la troisi\u00e8me \u00e9tape, qui se d\u00e9roule actuellement dans la r\u00e9gion sur une distance similaire, ne seront connus que mardi soir, ont fait savoir les organisateurs.<\/p>\n<p>Prennent part \u00e0 ce rallye international 150 v\u00e9hicules et motos de pilotes repr\u00e9sentant, outre l&rsquo;Alg\u00e9rie (pays h\u00f4te de cette manifestation), 25 nations \u00e9trang\u00e8res, dont la Norv\u00e8ge, la Suisse, la France, l&rsquo;Espagne, l&rsquo;Italie, l&rsquo;Allemagne, la Turquie, la Lituanie, le Mexique, le Japon et la Grande-Bretagne.\u00a0<\/p>\n<p>Les pilotes participent \u00e0 ce Rallye \u00e0 bord de quatre types de v\u00e9hicules: Moto, SSV, 4&#215;4 et Camion, sur une distance globale de 1.500 km.<\/p>\n<\/div>\n<p><img loading=\"lazy\" decoding=\"async\" src=\"http:\/\/feeds.feedburner.com\/~r\/aps-sport\/~4\/RDKCsk71BMw\" height=\"1\" width=\"1\" alt=\"\"><\/div>\n<p>Auteur:<br \/>\n<a href=\"http:\/\/www.aps.dz\/sport\/87050-rallye-touareg-grave-accident-dans-la-region-de-beni-abbes?utm_source=feedburner&#038;utm_medium=feed&#038;utm_campaign=Feed%3A+aps-sport+%28APS+-+SPORT%29\">Cliquez ici pour lire l&rsquo;article depuis sa source.<\/a><\/p>\n","protected":false},"excerpt":{"rendered":"<p>BECHAR &#8211; Un pilote Italien participant au rallye Touareg est d\u00e9c\u00e9d\u00e9 \u00e0 la suite d\u2019un grave accident de son quad mardi dans la r\u00e9gion d\u2019El Ouata, a appris l&rsquo;APS aupr\u00e8s de la direction de l\u2019\u00e9tablissement public hospitalier de B\u00e9ni-Abb\u00e8s. Le corps de la victime a \u00e9t\u00e9 achemin\u00e9 vers l\u2019h\u00f4pital par les services de la protection [&hellip;]<\/p>\n","protected":false},"author":1790,"featured_media":22803,"comment_status":"closed","ping_status":"closed","sticky":false,"template":"","format":"standard","meta":{"fifu_image_url":"","fifu_image_alt":"","footnotes":""},"categories":[53,75],"tags":[],"class_list":["post-22802","post","type-post","status-publish","format-standard","has-post-thumbnail","hentry","category-algerie","category-sport"],"_links":{"self":[{"href":"https:\/\/linitiative.ca\/International\/wp-json\/wp\/v2\/posts\/22802","targetHints":{"allow":["GET"]}}],"collection":[{"href":"https:\/\/linitiative.ca\/International\/wp-json\/wp\/v2\/posts"}],"about":[{"href":"https:\/\/linitiative.ca\/International\/wp-json\/wp\/v2\/types\/post"}],"author":[{"embeddable":true,"href":"https:\/\/linitiative.ca\/International\/wp-json\/wp\/v2\/users\/1790"}],"replies":[{"embeddable":true,"href":"https:\/\/linitiative.ca\/International\/wp-json\/wp\/v2\/comments?post=22802"}],"version-history":[{"count":0,"href":"https:\/\/linitiative.ca\/International\/wp-json\/wp\/v2\/posts\/22802\/revisions"}],"wp:featuredmedia":[{"embeddable":true,"href":"https:\/\/linitiative.ca\/International\/wp-json\/"}],"wp:attachment":[{"href":"https:\/\/linitiative.ca\/International\/wp-json\/wp\/v2\/media?parent=22802"}],"wp:term":[{"taxonomy":"category","embeddable":true,"href":"https:\/\/linitiative.ca\/International\/wp-json\/wp\/v2\/categories?post=22802"},{"taxonomy":"post_tag","embeddable":true,"href":"https:\/\/linitiative.ca\/International\/wp-json\/wp\/v2\/tags?post=22802"}],"curies":[{"name":"wp","href":"https:\/\/api.w.org\/{rel}","templated":true}]}}