{"id":22804,"date":"2019-03-19T11:20:29","date_gmt":"2019-03-19T15:20:29","guid":{"rendered":"https:\/\/linitiative.ca\/International\/87057-football-can-2019-u-23-eliminatoires-2e-tour-aller-des-arbitres-nigeriens-pour-guinee-equatoriale-algerie\/"},"modified":"2019-03-19T11:20:29","modified_gmt":"2019-03-19T15:20:29","slug":"87057-football-can-2019-u-23-eliminatoires-2e-tour-aller-des-arbitres-nigeriens-pour-guinee-equatoriale-algerie","status":"publish","type":"post","link":"https:\/\/linitiative.ca\/International\/87057-football-can-2019-u-23-eliminatoires-2e-tour-aller-des-arbitres-nigeriens-pour-guinee-equatoriale-algerie\/","title":{"rendered":"Football\/ CAN-2019 (U-23)\u00a0 (\u00e9liminatoires- 2e tour aller): des arbitres nig\u00e9riens pour Guin\u00e9e Equatoriale &#8211; Alg\u00e9rie"},"content":{"rendered":"<div>\n<div class=\"K2FeedIntroText\">\n<p>LE CAIRE &#8211; Le match Guin\u00e9e Equatoriale &#8211; Alg\u00e9rie, pr\u00e9vu le samedi 23 mars \u00e0 Malabo (18h00), comptant pour le deuxi\u00e8me tour aller des \u00e9liminatoires de la Coupe d&rsquo;Afrique des nations des moins 23 ans (U23), sera dirig\u00e9 par un trio arbitral nig\u00e9rien sous la conduite d&rsquo;Abdoulaye Rhissa Al Mustapha, a indiqu\u00e9 mardi la Conf\u00e9d\u00e9ration africaine de football (CAF).<\/p>\n<\/div>\n<div class=\"K2FeedFullText\">\n<p>Le directeur de jeu Abdoulaye Rhissa Al Mustapha sera assist\u00e9 de ses deux compatriotes, Abdul Aziz Yacouba et Sadissou Idi.<\/p>\n<p>La manche retour pr\u00e9vue le mardi 26 mars \u00e0 17h00 au stade 5 juillet a \u00e9t\u00e9 confi\u00e9e \u00e0 un trio b\u00e9ninois compos\u00e9 de Djindo Louis Houngnandane, Gbemassiandan Narcisse Kouton et Koudogbo Augustin Kougbemede.<\/p>\n<p>En pr\u00e9vision de cette double confrontation, le s\u00e9lectionneur de la s\u00e9lection alg\u00e9rienne(U-23) le Fran\u00e7ais Ludovic Battelli\u00a0 a convoqu\u00e9\u00a0 23 joueurs pour un stage entam\u00e9 dimanche et qui s&rsquo;\u00e9talera jusqu&rsquo;au 27 mars .<\/p>\n<p>La phase finale de la Coupe d&rsquo;Afrique des nations des U-23, qualificative aux Jeux Olympiques JO-2020 de Tokyo, aura lieu en Egypte du 8 au 22 novembre prochain.<\/p>\n<\/div>\n<p><img loading=\"lazy\" decoding=\"async\" src=\"http:\/\/feeds.feedburner.com\/~r\/aps-sport\/~4\/s2cPVuXzi9U\" height=\"1\" width=\"1\" alt=\"\"><\/div>\n<p>Auteur:<br \/>\n<a href=\"http:\/\/www.aps.dz\/sport\/87057-football-can-2019-u-23-eliminatoires-2e-tour-aller-des-arbitres-nigeriens-pour-guinee-equatoriale-algerie?utm_source=feedburner&#038;utm_medium=feed&#038;utm_campaign=Feed%3A+aps-sport+%28APS+-+SPORT%29\">Cliquez ici pour lire l&rsquo;article depuis sa source.<\/a><\/p>\n","protected":false},"excerpt":{"rendered":"<p>LE CAIRE &#8211; Le match Guin\u00e9e Equatoriale &#8211; Alg\u00e9rie, pr\u00e9vu le samedi 23 mars \u00e0 Malabo (18h00), comptant pour le deuxi\u00e8me tour aller des \u00e9liminatoires de la Coupe d&rsquo;Afrique des nations des moins 23 ans (U23), sera dirig\u00e9 par un trio arbitral nig\u00e9rien sous la conduite d&rsquo;Abdoulaye Rhissa Al Mustapha, a indiqu\u00e9 mardi la Conf\u00e9d\u00e9ration [&hellip;]<\/p>\n","protected":false},"author":1790,"featured_media":0,"comment_status":"closed","ping_status":"closed","sticky":false,"template":"","format":"standard","meta":{"fifu_image_url":"","fifu_image_alt":"","footnotes":""},"categories":[53,75],"tags":[],"class_list":["post-22804","post","type-post","status-publish","format-standard","hentry","category-algerie","category-sport"],"_links":{"self":[{"href":"https:\/\/linitiative.ca\/International\/wp-json\/wp\/v2\/posts\/22804","targetHints":{"allow":["GET"]}}],"collection":[{"href":"https:\/\/linitiative.ca\/International\/wp-json\/wp\/v2\/posts"}],"about":[{"href":"https:\/\/linitiative.ca\/International\/wp-json\/wp\/v2\/types\/post"}],"author":[{"embeddable":true,"href":"https:\/\/linitiative.ca\/International\/wp-json\/wp\/v2\/users\/1790"}],"replies":[{"embeddable":true,"href":"https:\/\/linitiative.ca\/International\/wp-json\/wp\/v2\/comments?post=22804"}],"version-history":[{"count":0,"href":"https:\/\/linitiative.ca\/International\/wp-json\/wp\/v2\/posts\/22804\/revisions"}],"wp:attachment":[{"href":"https:\/\/linitiative.ca\/International\/wp-json\/wp\/v2\/media?parent=22804"}],"wp:term":[{"taxonomy":"category","embeddable":true,"href":"https:\/\/linitiative.ca\/International\/wp-json\/wp\/v2\/categories?post=22804"},{"taxonomy":"post_tag","embeddable":true,"href":"https:\/\/linitiative.ca\/International\/wp-json\/wp\/v2\/tags?post=22804"}],"curies":[{"name":"wp","href":"https:\/\/api.w.org\/{rel}","templated":true}]}}