{"id":22858,"date":"2019-03-19T16:44:30","date_gmt":"2019-03-19T20:44:30","guid":{"rendered":"https:\/\/linitiative.ca\/International\/presse-edito-ventures-unique-distributeur-apres-le-rachat-de-sochepress\/"},"modified":"2019-03-19T16:44:30","modified_gmt":"2019-03-19T20:44:30","slug":"presse-edito-ventures-unique-distributeur-apres-le-rachat-de-sochepress","status":"publish","type":"post","link":"https:\/\/linitiative.ca\/International\/presse-edito-ventures-unique-distributeur-apres-le-rachat-de-sochepress\/","title":{"rendered":"Presse : Edito Ventures unique distributeur apr\u00e8s le rachat de Sochepress"},"content":{"rendered":"<p>Nouvelle reconfiguration du secteur de la <strong>distribution de la presse<\/strong>. Le groupe Edito Ventures, d\u00e9tenteur de Sapress, vient de racheter Sochepress, s\u2019offrant ansi le monopole du secteur.<\/p>\n<div class=\"c10\"\/>\n<\/p>\n<div class=\"page section layoutArea column\" title=\"Page 1\">\n<p>Le secteur de la distribution de la presse au Maroc vient de se consolider. En effet, le groupe\u00a0Edito Ventures, d\u00e9tenteur de Sapress a pris le contr\u00f4le de Sochepress, filiale du groupe fran\u00e7ais Presstalis<\/p>\n<p>Les acteurs principaux du secteur de la distribution de la presse \u00e9crite au Maroc, Sapress et Sochepress ont finalis\u00e9 aujourd\u2019hui un rapprochement capitalistique et op\u00e9rationnel.<\/p>\n<p>A travers ce rapprochement, le groupe <strong>Edito Ventures<\/strong> pourra maintenir la disponibilit\u00e9 de la presse aupr\u00e8s des lecteurs sur tout le Royaume dans un contexte marqu\u00e9 par un rench\u00e9rissement important des co\u00fbts de la distribution.<\/p>\n<p>Ce rapprochement permettra \u00e9galement aux \u00e9diteurs de b\u00e9n\u00e9ficier de la synergie des deux r\u00e9seaux de distribution en termes de couverture g\u00e9ographique et de distribution num\u00e9rique.<\/p>\n<p>Le maintien de la pr\u00e9sence de la presse \u00e9crite dans toute sa pluralit\u00e9 et partout dans le Royaume, dans des conditions \u00e9conomiques \u00e9quilibr\u00e9es, n\u00e9cessitera par ailleurs l\u2019impl\u00e9mentation des dispositions pr\u00e9vues par l\u2019article 7 de la Loi 88-13 relative \u00e0 la Presse et \u00e0 l\u2019Edition.<\/p>\n<p>Avec ce rachat, Edito Ventures met fin \u00e0 plus de 40 ans de concurrence entre les deux entit\u00e9s historiques de distribution de la presse aux Maroc, d\u2019une part, la Soci\u00e9t\u00e9 Arabo-Africaine de Distribution, d\u2019Edition et de Presse, Sapress, qui fut institu\u00e9e en 1977 et de l\u2019autre, la Soci\u00e9t\u00e9 Ch\u00e9rifienne de Distribution et de Presse, Sochepress. Celle-ci fut cr\u00e9\u00e9e en 1924. <strong>Sochepress<\/strong> \u00e9tait filiale du leader fran\u00e7ais de la distribution de la Presse, Presstalis jusqu\u2019\u00e0 ce qu\u2019elle rejoigne aujourd\u2019hui le nouveau groupement.<\/p>\n<\/div>\n<div class=\"c17\">\n<fieldset class=\"c16\">\n<legend><strong><span class=\"c11\">Challenge<\/span><span class=\"c12\">news<\/span><\/strong><\/legend>\n<div class=\"c15\">Le meilleur de la r\u00e9daction s\u00e9lectionn\u00e9 par Challenge :<\/p>\n<\/div>\n<\/fieldset>\n<\/div>\n<p>Auteur: Hassan Manyani<br \/>\n<a href=\"https:\/\/www.challenge.ma\/presse-edito-ventures-unique-distributeur-apres-le-rachat-de-sochepress-106374\/\">Cliquez ici pour lire l&rsquo;article depuis sa source.<\/a><\/p>\n","protected":false},"excerpt":{"rendered":"<p>Nouvelle reconfiguration du secteur de la distribution de la presse. Le groupe Edito Ventures, d\u00e9tenteur de Sapress, vient de racheter Sochepress, s\u2019offrant ansi le monopole du secteur. Le secteur de la distribution de la presse au Maroc vient de se consolider. En effet, le groupe\u00a0Edito Ventures, d\u00e9tenteur de Sapress a pris le contr\u00f4le de Sochepress, [&hellip;]<\/p>\n","protected":false},"author":1787,"featured_media":0,"comment_status":"closed","ping_status":"closed","sticky":false,"template":"","format":"standard","meta":{"fifu_image_url":"","fifu_image_alt":"","footnotes":""},"categories":[78,54],"tags":[],"class_list":["post-22858","post","type-post","status-publish","format-standard","hentry","category-economie","category-maroc"],"_links":{"self":[{"href":"https:\/\/linitiative.ca\/International\/wp-json\/wp\/v2\/posts\/22858","targetHints":{"allow":["GET"]}}],"collection":[{"href":"https:\/\/linitiative.ca\/International\/wp-json\/wp\/v2\/posts"}],"about":[{"href":"https:\/\/linitiative.ca\/International\/wp-json\/wp\/v2\/types\/post"}],"author":[{"embeddable":true,"href":"https:\/\/linitiative.ca\/International\/wp-json\/wp\/v2\/users\/1787"}],"replies":[{"embeddable":true,"href":"https:\/\/linitiative.ca\/International\/wp-json\/wp\/v2\/comments?post=22858"}],"version-history":[{"count":0,"href":"https:\/\/linitiative.ca\/International\/wp-json\/wp\/v2\/posts\/22858\/revisions"}],"wp:attachment":[{"href":"https:\/\/linitiative.ca\/International\/wp-json\/wp\/v2\/media?parent=22858"}],"wp:term":[{"taxonomy":"category","embeddable":true,"href":"https:\/\/linitiative.ca\/International\/wp-json\/wp\/v2\/categories?post=22858"},{"taxonomy":"post_tag","embeddable":true,"href":"https:\/\/linitiative.ca\/International\/wp-json\/wp\/v2\/tags?post=22858"}],"curies":[{"name":"wp","href":"https:\/\/api.w.org\/{rel}","templated":true}]}}