{"id":22862,"date":"2019-03-19T16:07:05","date_gmt":"2019-03-19T20:07:05","guid":{"rendered":"https:\/\/linitiative.ca\/International\/tunisie-alerte-aux-inondations\/"},"modified":"2019-03-19T16:07:05","modified_gmt":"2019-03-19T20:07:05","slug":"tunisie-alerte-aux-inondations","status":"publish","type":"post","link":"https:\/\/linitiative.ca\/International\/tunisie-alerte-aux-inondations\/","title":{"rendered":"Tunisie \u2013\u00a0Alerte aux inondations !"},"content":{"rendered":"<div class=\"post-cont-in left relative\">\n<div class=\"nc_socialPanel swp_flatFresh swp_d_fullColor swp_i_fullColor swp_o_fullColor scale-100 scale-fullWidth\" data-position=\"none\" data-float=\"floatNone\" data-count=\"5\" data-floatcolor=\"#ffffff\" data-emphasize=\"0\">\n<div class=\"nc_tweetContainer totes totesalt\" data-id=\"6\"><span class=\"swp_count\"><span class=\"swp_label\">Partages<\/span> 126<\/span><\/div>\n<\/div>\n<p>Suite \u00e0 l\u2019alerte donn\u00e9e par l\u2019institut national de m\u00e9t\u00e9orologie, concernant l\u2019arriv\u00e9e d\u2019un front pluvieux, en provenance d\u2019Alg\u00e9rie et par pr\u00e9caution, concernant les capacit\u00e9s de retenue d\u2019eau dans les barrages, le minist\u00e8re de l\u2019Agriculture a lanc\u00e9 une alerte \u00e0 l\u2019intention des agriculteurs et des riverains, leur intimant de\u00a0:<\/p>\n<ul>\n<li>S\u2019\u00e9loigner des oueds, rivi\u00e8res, lacs collinaires et barrages;<\/li>\n<li>Le retrait imm\u00e9diat des pompes des oueds et rivi\u00e8res;<\/li>\n<li>Faire rentrer le b\u00e9tail dans les \u00e9tables et ne pas les laisser pr\u00e8s des cours d\u2019eau;<\/li>\n<li>Eloigner les machines agricoles des cours d\u2019eau et des zones inondables;<\/li>\n<li>S\u2019assurer de la bonne r\u00e9sistance des serres aux rafales de vent;<\/li>\n<li>Pour les p\u00eacheurs, la prudence et l\u2019abstention de s\u2019aventurer en mer, en attendant l\u2019am\u00e9lioration des conditions climatiques.<\/li>\n<\/ul>\n<div class=\"mvp-org-wrap mvp-org-logo\" itemprop=\"publisher\" itemscope=\"\" itemtype=\"https:\/\/schema.org\/Organization\"><img decoding=\"async\" src=\"https:\/\/www.tunisienumerique.com\/wp-content\/uploads\/2017\/02\/logo_tunisie_numerique.png\"\/><\/div>\n<div class=\"nc_socialPanel swp_flatFresh swp_d_fullColor swp_i_fullColor swp_o_fullColor scale-100 scale-fullWidth\" data-position=\"none\" data-float=\"floatNone\" data-count=\"5\" data-floatcolor=\"#ffffff\" data-emphasize=\"0\">\n<div class=\"nc_tweetContainer totes totesalt\" data-id=\"6\"><span class=\"swp_count\"><span class=\"swp_label\">Partages<\/span> 126<\/span><\/div>\n<\/div>\n<div class=\"mvp-related-posts left relative\">\n<h4 class=\"post-header\"><span class=\"post-header\">Lire aussi<\/span><\/h4>\n<\/div>\n<\/div>\n<p>Auteur: LM<br \/>\n<a href=\"https:\/\/www.tunisienumerique.com\/tunisie-alerte-aux-inondations\/\">Cliquez ici pour lire l&rsquo;article depuis sa source.<\/a><\/p>\n","protected":false},"excerpt":{"rendered":"<p>Partages 126 Suite \u00e0 l\u2019alerte donn\u00e9e par l\u2019institut national de m\u00e9t\u00e9orologie, concernant l\u2019arriv\u00e9e d\u2019un front pluvieux, en provenance d\u2019Alg\u00e9rie et par pr\u00e9caution, concernant les capacit\u00e9s de retenue d\u2019eau dans les barrages, le minist\u00e8re de l\u2019Agriculture a lanc\u00e9 une alerte \u00e0 l\u2019intention des agriculteurs et des riverains, leur intimant de\u00a0: S\u2019\u00e9loigner des oueds, rivi\u00e8res, lacs collinaires [&hellip;]<\/p>\n","protected":false},"author":1789,"featured_media":22863,"comment_status":"closed","ping_status":"closed","sticky":false,"template":"","format":"standard","meta":{"fifu_image_url":"","fifu_image_alt":"","footnotes":""},"categories":[73,55],"tags":[],"class_list":["post-22862","post","type-post","status-publish","format-standard","has-post-thumbnail","hentry","category-actualite","category-tunisie"],"_links":{"self":[{"href":"https:\/\/linitiative.ca\/International\/wp-json\/wp\/v2\/posts\/22862","targetHints":{"allow":["GET"]}}],"collection":[{"href":"https:\/\/linitiative.ca\/International\/wp-json\/wp\/v2\/posts"}],"about":[{"href":"https:\/\/linitiative.ca\/International\/wp-json\/wp\/v2\/types\/post"}],"author":[{"embeddable":true,"href":"https:\/\/linitiative.ca\/International\/wp-json\/wp\/v2\/users\/1789"}],"replies":[{"embeddable":true,"href":"https:\/\/linitiative.ca\/International\/wp-json\/wp\/v2\/comments?post=22862"}],"version-history":[{"count":0,"href":"https:\/\/linitiative.ca\/International\/wp-json\/wp\/v2\/posts\/22862\/revisions"}],"wp:featuredmedia":[{"embeddable":true,"href":"https:\/\/linitiative.ca\/International\/wp-json\/"}],"wp:attachment":[{"href":"https:\/\/linitiative.ca\/International\/wp-json\/wp\/v2\/media?parent=22862"}],"wp:term":[{"taxonomy":"category","embeddable":true,"href":"https:\/\/linitiative.ca\/International\/wp-json\/wp\/v2\/categories?post=22862"},{"taxonomy":"post_tag","embeddable":true,"href":"https:\/\/linitiative.ca\/International\/wp-json\/wp\/v2\/tags?post=22862"}],"curies":[{"name":"wp","href":"https:\/\/api.w.org\/{rel}","templated":true}]}}