{"id":22866,"date":"2019-03-19T16:33:17","date_gmt":"2019-03-19T20:33:17","guid":{"rendered":"https:\/\/linitiative.ca\/International\/en-un-nouveau-joueur-forfait\/"},"modified":"2019-03-19T16:33:17","modified_gmt":"2019-03-19T20:33:17","slug":"en-un-nouveau-joueur-forfait","status":"publish","type":"post","link":"https:\/\/linitiative.ca\/International\/en-un-nouveau-joueur-forfait\/","title":{"rendered":"EN : Un nouveau joueur forfait"},"content":{"rendered":"<div class=\"nc_socialPanel swp_flatFresh swp_d_fullColor swp_i_fullColor swp_o_fullColor scale-100 scale-fullWidth\" data-position=\"none\" data-float=\"floatNone\" data-count=\"5\" data-floatcolor=\"#ffffff\" data-emphasize=\"0\">\n<div class=\"nc_tweetContainer totes totesalt\" data-id=\"6\"><span class=\"swp_count\"><span class=\"swp_label\">Partages<\/span> 0<\/span><\/div>\n<\/div>\n<p><span>Le d\u00e9fenseur Dylan\u00a0<\/span><span>Bronn<\/span><span>\u00a0manquera le stage de l\u2019\u00e9quipe nationale en pr\u00e9vision d\u2019affronter l\u2019Eswatini et l\u2019Alg\u00e9rie, \u00e0 cause d\u2019une<\/span><span>\u00a0otite.<\/span><span>\u00a0<\/span><\/p>\n<p><span>\u00a0Apr\u00e8s\u00a0<\/span><span>Wahbi<\/span><span>\u00a0<\/span><span>Khazri<\/span><span>\u00a0et<\/span><span>\u00a0<\/span><span>Ellyes<\/span><span>\u00a0<\/span><span>Skhiri<\/span><span>\u00a0hier, c\u2019est au tour aujourd\u2019hui de<\/span><span>\u00a0Dylan\u00a0<\/span><span>Bronn<\/span><span>\u00a0de d\u00e9clarer forfait \u00e0 cause d\u2019un probl\u00e8me \u00e0 son oreille qui ne lui permet pas de prendre l\u2019avion.<\/span><span>\u00a0<\/span><\/p>\n<div class=\"code-block code-block-1 c5\"><ins class=\"adsbygoogle c4\" data-ad-layout=\"in-article\" data-ad-format=\"fluid\" data-ad-client=\"ca-pub-2102118777505746\" data-ad-slot=\"7301775417\"\/> <\/div>\n<p><span>Les Aigles de Carthage affronteront\u00a0l\u2019<\/span><span>Eswatini<\/span><span>\u00a0le 22 mars prochain au stade de Rades lors de la derni\u00e8re journ\u00e9e des \u00e9liminatoires de la<\/span><span>\u00a0CAN 2019<\/span><span>\u00a0avant de se d\u00e9placer \u00e0 Alger en vue de faire face en amical \u00e0 la\u00a0<\/span><span>s\u00e9lection alg\u00e9rienne<\/span><span>\u00a0le 26 mars.<\/span><span>\u00a0<\/span><\/p>\n<div class=\"mvp-org-wrap mvp-org-logo\" itemprop=\"publisher\" itemscope=\"\" itemtype=\"https:\/\/schema.org\/Organization\"><img decoding=\"async\" src=\"https:\/\/sport.tunisienumerique.com\/wp-content\/uploads\/2017\/05\/logo_tunisie_numerique.png\"\/><\/div>\n<div class=\"nc_socialPanel swp_flatFresh swp_d_fullColor swp_i_fullColor swp_o_fullColor scale-100 scale-fullWidth\" data-position=\"none\" data-float=\"floatNone\" data-count=\"5\" data-floatcolor=\"#ffffff\" data-emphasize=\"0\">\n<div class=\"nc_tweetContainer totes totesalt\" data-id=\"6\"><span class=\"swp_count\"><span class=\"swp_label\">Partages<\/span> 0<\/span><\/div>\n<\/div>\n<div class=\"mvp-related-posts left relative\">\n<h4 class=\"post-header\"><span class=\"post-header\">Lire aussi<\/span><\/h4>\n<\/div>\n<p>Auteur: a.<br \/>\n<a href=\"https:\/\/sport.tunisienumerique.com\/nouveau-joueur-forfait\/\">Cliquez ici pour lire l&rsquo;article depuis sa source.<\/a><\/p>\n","protected":false},"excerpt":{"rendered":"<p>Partages 0 Le d\u00e9fenseur Dylan\u00a0Bronn\u00a0manquera le stage de l\u2019\u00e9quipe nationale en pr\u00e9vision d\u2019affronter l\u2019Eswatini et l\u2019Alg\u00e9rie, \u00e0 cause d\u2019une\u00a0otite.\u00a0 \u00a0Apr\u00e8s\u00a0Wahbi\u00a0Khazri\u00a0et\u00a0Ellyes\u00a0Skhiri\u00a0hier, c\u2019est au tour aujourd\u2019hui de\u00a0Dylan\u00a0Bronn\u00a0de d\u00e9clarer forfait \u00e0 cause d\u2019un probl\u00e8me \u00e0 son oreille qui ne lui permet pas de prendre l\u2019avion.\u00a0 Les Aigles de Carthage affronteront\u00a0l\u2019Eswatini\u00a0le 22 mars prochain au stade de Rades lors [&hellip;]<\/p>\n","protected":false},"author":1789,"featured_media":22867,"comment_status":"closed","ping_status":"closed","sticky":false,"template":"","format":"standard","meta":{"fifu_image_url":"","fifu_image_alt":"","footnotes":""},"categories":[73,55],"tags":[],"class_list":["post-22866","post","type-post","status-publish","format-standard","has-post-thumbnail","hentry","category-actualite","category-tunisie"],"_links":{"self":[{"href":"https:\/\/linitiative.ca\/International\/wp-json\/wp\/v2\/posts\/22866","targetHints":{"allow":["GET"]}}],"collection":[{"href":"https:\/\/linitiative.ca\/International\/wp-json\/wp\/v2\/posts"}],"about":[{"href":"https:\/\/linitiative.ca\/International\/wp-json\/wp\/v2\/types\/post"}],"author":[{"embeddable":true,"href":"https:\/\/linitiative.ca\/International\/wp-json\/wp\/v2\/users\/1789"}],"replies":[{"embeddable":true,"href":"https:\/\/linitiative.ca\/International\/wp-json\/wp\/v2\/comments?post=22866"}],"version-history":[{"count":0,"href":"https:\/\/linitiative.ca\/International\/wp-json\/wp\/v2\/posts\/22866\/revisions"}],"wp:featuredmedia":[{"embeddable":true,"href":"https:\/\/linitiative.ca\/International\/wp-json\/"}],"wp:attachment":[{"href":"https:\/\/linitiative.ca\/International\/wp-json\/wp\/v2\/media?parent=22866"}],"wp:term":[{"taxonomy":"category","embeddable":true,"href":"https:\/\/linitiative.ca\/International\/wp-json\/wp\/v2\/categories?post=22866"},{"taxonomy":"post_tag","embeddable":true,"href":"https:\/\/linitiative.ca\/International\/wp-json\/wp\/v2\/tags?post=22866"}],"curies":[{"name":"wp","href":"https:\/\/api.w.org\/{rel}","templated":true}]}}