{"id":22872,"date":"2019-03-19T16:48:33","date_gmt":"2019-03-19T20:48:33","guid":{"rendered":"https:\/\/linitiative.ca\/International\/coupe-de-la-caf-3-joueurs-tunisiens-dans-lequipe-type-de-la-phase-de-poule\/"},"modified":"2019-03-19T16:48:33","modified_gmt":"2019-03-19T20:48:33","slug":"coupe-de-la-caf-3-joueurs-tunisiens-dans-lequipe-type-de-la-phase-de-poule","status":"publish","type":"post","link":"https:\/\/linitiative.ca\/International\/coupe-de-la-caf-3-joueurs-tunisiens-dans-lequipe-type-de-la-phase-de-poule\/","title":{"rendered":"Coupe de la CAF : 3 joueurs tunisiens dans l\u2019\u00e9quipe type de la phase de poule"},"content":{"rendered":"<div class=\"nc_socialPanel swp_flatFresh swp_d_fullColor swp_i_fullColor swp_o_fullColor scale-100 scale-fullWidth\" data-position=\"none\" data-float=\"floatNone\" data-count=\"5\" data-floatcolor=\"#ffffff\" data-emphasize=\"0\">\n<div class=\"nc_tweetContainer totes totesalt\" data-id=\"6\"><span class=\"swp_count\"><span class=\"swp_label\">Partages<\/span> 0<\/span><\/div>\n<\/div>\n<p><span>La Conf\u00e9d\u00e9ration africaine de football (CAF) a d\u00e9voil\u00e9 l\u2019\u00e9quipe type de la phase de poules de la Coupe de la CAF, ce mardi.<\/span><span>\u00a0<\/span><\/p>\n<p><span>La liste comprenait 3 joueurs tunisiens. Il s\u2019agit de Karim\u00a0<\/span><span>Aouadhi<\/span><span>\u00a0(ESS) et son co\u00e9quipier Wajdi\u00a0<\/span><span>Kechrida<\/span><span>\u00a0accompagn\u00e9s par le d\u00e9fenseur du Club Sportif Sfaxien Nassim\u00a0<\/span><span>Hnid<\/span><span>.<\/span><span>\u00a0<\/span><\/p>\n<div class=\"code-block code-block-1 c5\"><ins class=\"adsbygoogle c4\" data-ad-layout=\"in-article\" data-ad-format=\"fluid\" data-ad-client=\"ca-pub-2102118777505746\" data-ad-slot=\"7301775417\"\/> <\/div>\n<p><span>Il est \u00e0 noter que les repr\u00e9sentants tunisiens en coupe de la CAF rencontreront leurs adversaires en quarts de finale demain mercredi.<\/span><span>\u00a0<\/span><\/p>\n<div class=\"mvp-org-wrap mvp-org-logo\" itemprop=\"publisher\" itemscope=\"\" itemtype=\"https:\/\/schema.org\/Organization\"><img decoding=\"async\" src=\"https:\/\/sport.tunisienumerique.com\/wp-content\/uploads\/2017\/05\/logo_tunisie_numerique.png\"\/><\/div>\n<div class=\"nc_socialPanel swp_flatFresh swp_d_fullColor swp_i_fullColor swp_o_fullColor scale-100 scale-fullWidth\" data-position=\"none\" data-float=\"floatNone\" data-count=\"5\" data-floatcolor=\"#ffffff\" data-emphasize=\"0\">\n<div class=\"nc_tweetContainer totes totesalt\" data-id=\"6\"><span class=\"swp_count\"><span class=\"swp_label\">Partages<\/span> 0<\/span><\/div>\n<\/div>\n<div class=\"mvp-related-posts left relative\">\n<h4 class=\"post-header\"><span class=\"post-header\">Lire aussi<\/span><\/h4>\n<\/div>\n<p>Auteur: a.<br \/>\n<a href=\"https:\/\/sport.tunisienumerique.com\/coupe-de-caf-3-joueurs-tunisiens-lequipe-type-de-phase-de-poule\/\">Cliquez ici pour lire l&rsquo;article depuis sa source.<\/a><\/p>\n","protected":false},"excerpt":{"rendered":"<p>Partages 0 La Conf\u00e9d\u00e9ration africaine de football (CAF) a d\u00e9voil\u00e9 l\u2019\u00e9quipe type de la phase de poules de la Coupe de la CAF, ce mardi.\u00a0 La liste comprenait 3 joueurs tunisiens. Il s\u2019agit de Karim\u00a0Aouadhi\u00a0(ESS) et son co\u00e9quipier Wajdi\u00a0Kechrida\u00a0accompagn\u00e9s par le d\u00e9fenseur du Club Sportif Sfaxien Nassim\u00a0Hnid.\u00a0 Il est \u00e0 noter que les repr\u00e9sentants tunisiens [&hellip;]<\/p>\n","protected":false},"author":1789,"featured_media":22873,"comment_status":"closed","ping_status":"closed","sticky":false,"template":"","format":"standard","meta":{"fifu_image_url":"","fifu_image_alt":"","footnotes":""},"categories":[73,55],"tags":[],"class_list":["post-22872","post","type-post","status-publish","format-standard","has-post-thumbnail","hentry","category-actualite","category-tunisie"],"_links":{"self":[{"href":"https:\/\/linitiative.ca\/International\/wp-json\/wp\/v2\/posts\/22872","targetHints":{"allow":["GET"]}}],"collection":[{"href":"https:\/\/linitiative.ca\/International\/wp-json\/wp\/v2\/posts"}],"about":[{"href":"https:\/\/linitiative.ca\/International\/wp-json\/wp\/v2\/types\/post"}],"author":[{"embeddable":true,"href":"https:\/\/linitiative.ca\/International\/wp-json\/wp\/v2\/users\/1789"}],"replies":[{"embeddable":true,"href":"https:\/\/linitiative.ca\/International\/wp-json\/wp\/v2\/comments?post=22872"}],"version-history":[{"count":0,"href":"https:\/\/linitiative.ca\/International\/wp-json\/wp\/v2\/posts\/22872\/revisions"}],"wp:featuredmedia":[{"embeddable":true,"href":"https:\/\/linitiative.ca\/International\/wp-json\/"}],"wp:attachment":[{"href":"https:\/\/linitiative.ca\/International\/wp-json\/wp\/v2\/media?parent=22872"}],"wp:term":[{"taxonomy":"category","embeddable":true,"href":"https:\/\/linitiative.ca\/International\/wp-json\/wp\/v2\/categories?post=22872"},{"taxonomy":"post_tag","embeddable":true,"href":"https:\/\/linitiative.ca\/International\/wp-json\/wp\/v2\/tags?post=22872"}],"curies":[{"name":"wp","href":"https:\/\/api.w.org\/{rel}","templated":true}]}}