{"id":22874,"date":"2019-03-19T16:54:18","date_gmt":"2019-03-19T20:54:18","guid":{"rendered":"https:\/\/linitiative.ca\/International\/tunisie-la-demolition-des-armoiries-de-la-dynastie-husseinite-suscite-lindignation-generale\/"},"modified":"2019-03-19T16:54:18","modified_gmt":"2019-03-19T20:54:18","slug":"tunisie-la-demolition-des-armoiries-de-la-dynastie-husseinite-suscite-lindignation-generale","status":"publish","type":"post","link":"https:\/\/linitiative.ca\/International\/tunisie-la-demolition-des-armoiries-de-la-dynastie-husseinite-suscite-lindignation-generale\/","title":{"rendered":"Tunisie \u2013 La d\u00e9molition des armoiries de la dynastie husseinite suscite l\u2019indignation g\u00e9n\u00e9rale"},"content":{"rendered":"<div class=\"post-cont-in left relative\">\n<div class=\"nc_socialPanel swp_flatFresh swp_d_fullColor swp_i_fullColor swp_o_fullColor scale-100 scale-fullWidth\" data-position=\"none\" data-float=\"floatNone\" data-count=\"5\" data-floatcolor=\"#ffffff\" data-emphasize=\"0\">\n<div class=\"nc_tweetContainer totes totesalt\" data-id=\"6\"><span class=\"swp_count\"><span class=\"swp_label\">Partages<\/span> 40<\/span><\/div>\n<\/div>\n<p>Les images montrant un ouvrier s\u2019acharner \u00e0 la pioche aux armoiries de la dynastie husseinite qui ornaient la grande porte de Beit Al Hikma \u00e0 Carthage, a suscit\u00e9 l\u2019indignation de tout le monde.<\/p>\n<p>Le minist\u00e8re de la culture et de la protection du patrimoine a essay\u00e9 de rattraper le coup, assez rapidement, en publiant un communiqu\u00e9 dans lequel il a ni\u00e9 \u00eatre au courant de cet acte, et annonc\u00e9 qu\u2019il s\u2019agissait d\u2019un acte irresponsable d\u2019un entrepreneur qui n\u2019avait demand\u00e9 l\u2019autorisation de personne.<\/p>\n<div class=\"code-block code-block-1 c3\"><ins class=\"adsbygoogle c2\" data-ad-layout=\"in-article\" data-ad-format=\"fluid\" data-ad-client=\"ca-pub-2102118777505746\" data-ad-slot=\"7301775417\"\/> <\/div>\n<p>Le minist\u00e8re pr\u00e9cise qu\u2019il a ordonn\u00e9 l\u2019arr\u00eat imm\u00e9diat de ces travaux et la r\u00e9paration des d\u00e9g\u00e2ts occasionn\u00e9s \u00e0 ce symbole du patrimoine tunisien.<\/p>\n<div class=\"mvp-org-wrap mvp-org-logo\" itemprop=\"publisher\" itemscope=\"\" itemtype=\"https:\/\/schema.org\/Organization\"><img decoding=\"async\" src=\"https:\/\/www.tunisienumerique.com\/wp-content\/uploads\/2017\/02\/logo_tunisie_numerique.png\"\/><\/div>\n<div class=\"nc_socialPanel swp_flatFresh swp_d_fullColor swp_i_fullColor swp_o_fullColor scale-100 scale-fullWidth\" data-position=\"none\" data-float=\"floatNone\" data-count=\"5\" data-floatcolor=\"#ffffff\" data-emphasize=\"0\">\n<div class=\"nc_tweetContainer totes totesalt\" data-id=\"6\"><span class=\"swp_count\"><span class=\"swp_label\">Partages<\/span> 40<\/span><\/div>\n<\/div>\n<div class=\"mvp-related-posts left relative\">\n<h4 class=\"post-header\"><span class=\"post-header\">Lire aussi<\/span><\/h4>\n<\/div>\n<\/div>\n<p>Auteur: LM<br \/>\n<a href=\"https:\/\/www.tunisienumerique.com\/tunisie-la-demolition-des-armoiries-de-la-dynastie-husseinite-suscite-lindignation-generale\/\">Cliquez ici pour lire l&rsquo;article depuis sa source.<\/a><\/p>\n","protected":false},"excerpt":{"rendered":"<p>Partages 40 Les images montrant un ouvrier s\u2019acharner \u00e0 la pioche aux armoiries de la dynastie husseinite qui ornaient la grande porte de Beit Al Hikma \u00e0 Carthage, a suscit\u00e9 l\u2019indignation de tout le monde. Le minist\u00e8re de la culture et de la protection du patrimoine a essay\u00e9 de rattraper le coup, assez rapidement, en [&hellip;]<\/p>\n","protected":false},"author":1789,"featured_media":22875,"comment_status":"closed","ping_status":"closed","sticky":false,"template":"","format":"standard","meta":{"fifu_image_url":"","fifu_image_alt":"","footnotes":""},"categories":[73,55],"tags":[],"class_list":["post-22874","post","type-post","status-publish","format-standard","has-post-thumbnail","hentry","category-actualite","category-tunisie"],"_links":{"self":[{"href":"https:\/\/linitiative.ca\/International\/wp-json\/wp\/v2\/posts\/22874","targetHints":{"allow":["GET"]}}],"collection":[{"href":"https:\/\/linitiative.ca\/International\/wp-json\/wp\/v2\/posts"}],"about":[{"href":"https:\/\/linitiative.ca\/International\/wp-json\/wp\/v2\/types\/post"}],"author":[{"embeddable":true,"href":"https:\/\/linitiative.ca\/International\/wp-json\/wp\/v2\/users\/1789"}],"replies":[{"embeddable":true,"href":"https:\/\/linitiative.ca\/International\/wp-json\/wp\/v2\/comments?post=22874"}],"version-history":[{"count":0,"href":"https:\/\/linitiative.ca\/International\/wp-json\/wp\/v2\/posts\/22874\/revisions"}],"wp:featuredmedia":[{"embeddable":true,"href":"https:\/\/linitiative.ca\/International\/wp-json\/"}],"wp:attachment":[{"href":"https:\/\/linitiative.ca\/International\/wp-json\/wp\/v2\/media?parent=22874"}],"wp:term":[{"taxonomy":"category","embeddable":true,"href":"https:\/\/linitiative.ca\/International\/wp-json\/wp\/v2\/categories?post=22874"},{"taxonomy":"post_tag","embeddable":true,"href":"https:\/\/linitiative.ca\/International\/wp-json\/wp\/v2\/tags?post=22874"}],"curies":[{"name":"wp","href":"https:\/\/api.w.org\/{rel}","templated":true}]}}