{"id":22884,"date":"2019-03-19T16:10:43","date_gmt":"2019-03-19T20:10:43","guid":{"rendered":"https:\/\/linitiative.ca\/International\/journee-mondiale-de-la-francophonie-aller-au-dela-des-mots\/"},"modified":"2019-03-19T16:10:43","modified_gmt":"2019-03-19T20:10:43","slug":"journee-mondiale-de-la-francophonie-aller-au-dela-des-mots","status":"publish","type":"post","link":"https:\/\/linitiative.ca\/International\/journee-mondiale-de-la-francophonie-aller-au-dela-des-mots\/","title":{"rendered":"JOURNEE MONDIALE DE LA FRANCOPHONIE  :  Aller au-del\u00e0 des mots !"},"content":{"rendered":"<p><img decoding=\"async\" class=\"post_layout_5_img\" src=\"http:\/\/lepays.bf\/wp-content\/uploads\/2019\/03\/FRANCOPHONIE-.jpg\" alt=\"JOURNEE MONDIALE DE LA FRANCOPHONIE : Aller au-del\u00e0 des mots !\"\/><\/p>\n<p class=\"c4\"><em>Depuis 1990, le 20 mars de chaque ann\u00e9e, est c\u00e9l\u00e9br\u00e9e la Journ\u00e9e internationale de la Francophonie. Une date choisie en comm\u00e9moration de la signature, le 20 mars 1970, \u00e0 Niamey, au Niger, du Trait\u00e9 portant cr\u00e9ation de l\u2019Agence de coop\u00e9ration culturelle et technique (ACCT) qui deviendra plus tard l\u2019Organisation internationale de la Francophonie (OIF). La c\u00e9l\u00e9bration de cette journ\u00e9e est donc d\u00e9di\u00e9e \u00e0 la langue fran\u00e7aise qui compte plus de 300 millions de locuteurs\u00a0 \u00e0 travers le monde sur les sept milliards d\u2019habitants de la plan\u00e8te. C\u2019est dire la place qu\u2019occupe le fran\u00e7ais qui,\u00a0 dans le classement des langues les plus parl\u00e9es dans le monde, vient apr\u00e8s le mandarin (chinois), l\u2019anglais, l\u2019espagnol et l\u2019hindi. C\u2019est donc fort logiquement que la\u2028Francophonie a \u00e9t\u00e9 per\u00e7ue, d\u00e8s le d\u00e9part, comme un instrument de promotion de la langue fran\u00e7aise dans le monde. Et c\u2019est de bonne guerre. Mais elle portait aussi le p\u00e9ch\u00e9 originel d\u2019\u00eatre per\u00e7ue par certains comme\u00a0 un prolongement d\u00e9guis\u00e9 de la domination de la France sur ses ex-colonies, surtout africaines. Et dans une certaine mesure, elle peine quelque peu encore \u00e0 se d\u00e9partir de cette image, m\u00eame si, aujourd\u2019hui, elle a pris beaucoup plus d\u2019envergure.\u00a0<\/em> <em>Cela dit, sous un certain angle, le fran\u00e7ais appara\u00eet comme une langue menac\u00e9e. Mais gr\u00e2ce \u00e0 l\u2019Afrique o\u00f9 la France compte de nombreuses anciennes colonies, la langue fran\u00e7aise tient encore la route. Mieux, elle respire et vit \u00e0 travers certains\u00a0africanismes\u00a0qui sont de plus en plus accept\u00e9s comme autant de n\u00e9ologismes qui lui donnent encore de la couleur. Et \u00e0 l\u2019occasion de la c\u00e9l\u00e9bration de cette journ\u00e9e, plusieurs activit\u00e9s sont organis\u00e9es \u00e0 travers le monde. Cette ann\u00e9e, ce sont plus de 1500 \u00e9v\u00e9nements qui sont au programme de la semaine de la Francophonie qui se tient depuis le 17 mars dernier et qui se poursuit jusqu\u2019au 25 mars, en marge de la c\u00e9l\u00e9bration de la journ\u00e9e internationale.<\/em><\/p>\n<p class=\"c4\"><strong>La Francophonie devrait peser davantage dans la prise de certaines d\u00e9cisions<\/strong><\/p>\n<p class=\"c4\"><em>Ainsi, du Vietnam en Argentine en passant par l\u2019Estonie et l\u2019Afrique du Sud, la langue fran\u00e7aise sera \u00e0 l\u2019honneur \u00e0 travers des activit\u00e9s diverses qui vont du conte au slam en passant par la po\u00e9sie, la dict\u00e9e et autres repr\u00e9sentations culturelles et musicales. Cette ann\u00e9e, la tradition est donc encore respect\u00e9e. Et \u00e0 l\u2019occasion de la c\u00e9l\u00e9bration de cette journ\u00e9e, la Secr\u00e9taire g\u00e9n\u00e9rale de la Francophonie, la Rwandaise Louise Mushikivabo, a lanc\u00e9 la formule suivante\u00a0: \u00ab\u00a0En fran\u00e7ais\u2026 s\u2019il vous pla\u00eet\u00a0\u00bb, reprise par des milliers de francophones. A travers ce slogan, Mme Mushikivabo entend v\u00e9hiculer l\u2019image d\u2019une langue moderne, apte \u00e0 nommer toutes les r\u00e9alit\u00e9s du monde d\u2019aujourd\u2019hui, que ce soit dans les domaines du num\u00e9rique, de l\u2019\u00e9conomie, des sciences, des m\u00e9dias, etc. Cela dit, au-del\u00e0 de la promotion de langue fran\u00e7aise et des valeurs de brassage et de dialogue de cultures qu\u2019elle promeut, la Francophonie devrait peser davantage dans la prise de certaines d\u00e9cisions.<\/em> <em>Mais pour cela, il lui faudrait aller au-del\u00e0 des mots. D\u2019o\u00f9 la n\u00e9cessit\u00e9, pour elle, de se rendre plus visible \u00e0 travers des actes concrets qui vont au-del\u00e0 des c\u00e9l\u00e9brations traditionnelles de cette journ\u00e9e, devenues \u00e0 la limite folkloriques. Au-del\u00e0 des d\u00e9clarations et autres prises de position de principe, la Francophonie devrait peser davantage dans la prise de certaines d\u00e9cisions, pour un meilleur ancrage de la d\u00e9mocratie, particuli\u00e8rement en Afrique, avec son corollaire de libert\u00e9 d\u2019expression et d\u2019opinion, et de respect des droits humains encore largement en souffrance dans de nombreux pays du continent. D\u2019autant plus que face \u00e0 ces fl\u00e9aux, la communaut\u00e9 internationale semble faire preuve d\u2019impuissance.<\/em><\/p>\n<p><strong>\u00ab\u00a0Le Pays\u00a0\u00bb<\/strong><\/p>\n<p>Auteur: Le Pays<br \/>\n<a href=\"http:\/\/lepays.bf\/journee-mondiale-de-la-francophonie-aller-au-dela-des-mots\/\">Cliquez ici pour lire l&rsquo;article depuis sa source.<\/a><\/p>\n","protected":false},"excerpt":{"rendered":"<p>Depuis 1990, le 20 mars de chaque ann\u00e9e, est c\u00e9l\u00e9br\u00e9e la Journ\u00e9e internationale de la Francophonie. Une date choisie en comm\u00e9moration de la signature, le 20 mars 1970, \u00e0 Niamey, au Niger, du Trait\u00e9 portant cr\u00e9ation de l\u2019Agence de coop\u00e9ration culturelle et technique (ACCT) qui deviendra plus tard l\u2019Organisation internationale de la Francophonie (OIF). La [&hellip;]<\/p>\n","protected":false},"author":1813,"featured_media":22885,"comment_status":"closed","ping_status":"closed","sticky":false,"template":"","format":"standard","meta":{"fifu_image_url":"","fifu_image_alt":"","footnotes":""},"categories":[73,81],"tags":[],"class_list":["post-22884","post","type-post","status-publish","format-standard","has-post-thumbnail","hentry","category-actualite","category-burkina-faso"],"_links":{"self":[{"href":"https:\/\/linitiative.ca\/International\/wp-json\/wp\/v2\/posts\/22884","targetHints":{"allow":["GET"]}}],"collection":[{"href":"https:\/\/linitiative.ca\/International\/wp-json\/wp\/v2\/posts"}],"about":[{"href":"https:\/\/linitiative.ca\/International\/wp-json\/wp\/v2\/types\/post"}],"author":[{"embeddable":true,"href":"https:\/\/linitiative.ca\/International\/wp-json\/wp\/v2\/users\/1813"}],"replies":[{"embeddable":true,"href":"https:\/\/linitiative.ca\/International\/wp-json\/wp\/v2\/comments?post=22884"}],"version-history":[{"count":0,"href":"https:\/\/linitiative.ca\/International\/wp-json\/wp\/v2\/posts\/22884\/revisions"}],"wp:featuredmedia":[{"embeddable":true,"href":"https:\/\/linitiative.ca\/International\/wp-json\/"}],"wp:attachment":[{"href":"https:\/\/linitiative.ca\/International\/wp-json\/wp\/v2\/media?parent=22884"}],"wp:term":[{"taxonomy":"category","embeddable":true,"href":"https:\/\/linitiative.ca\/International\/wp-json\/wp\/v2\/categories?post=22884"},{"taxonomy":"post_tag","embeddable":true,"href":"https:\/\/linitiative.ca\/International\/wp-json\/wp\/v2\/tags?post=22884"}],"curies":[{"name":"wp","href":"https:\/\/api.w.org\/{rel}","templated":true}]}}