{"id":22886,"date":"2019-03-19T16:13:35","date_gmt":"2019-03-19T20:13:35","guid":{"rendered":"https:\/\/linitiative.ca\/International\/le-sous-secretaire-detat-americain-au-cameroun-le-monsieur-afrique-pourra-t-il-attendrir-paul-biya\/"},"modified":"2019-03-19T16:13:35","modified_gmt":"2019-03-19T20:13:35","slug":"le-sous-secretaire-detat-americain-au-cameroun-le-monsieur-afrique-pourra-t-il-attendrir-paul-biya","status":"publish","type":"post","link":"https:\/\/linitiative.ca\/International\/le-sous-secretaire-detat-americain-au-cameroun-le-monsieur-afrique-pourra-t-il-attendrir-paul-biya\/","title":{"rendered":"LE SOUS-SECRETAIRE D\u2019ETAT AMERICAIN AU CAMEROUN :   Le \u00ab Monsieur Afrique \u00bb pourra-t-il attendrir Paul Biya ?"},"content":{"rendered":"<p><img decoding=\"async\" class=\"post_layout_5_img\" src=\"http:\/\/lepays.bf\/wp-content\/uploads\/2019\/03\/ambassadeur-1-1.jpg\" alt=\"LE SOUS-SECRETAIRE D\u2019ETAT AMERICAIN AU CAMEROUN : Le \u00ab Monsieur Afrique \u00bb pourra-t-il attendrir Paul Biya ?\"\/><\/p>\n<p class=\"c4\"><em>Le 18 mars dernier, le sous-secr\u00e9taire am\u00e9ricain charg\u00e9 des affaires africaines \u00e9tait en visite au Cameroun o\u00f9 il a rencontr\u00e9 le pr\u00e9sident Paul Biya. Une visite qui intervient dans un contexte o\u00f9 les deux pays sont en froid, Yaound\u00e9 ayant exprim\u00e9 son agacement face aux sorties r\u00e9p\u00e9t\u00e9es de Washington qui a maintes fois donn\u00e9 de la voix \u00e0 son encontre, notamment en ce qui concerne la gestion de la crise anglophone et l\u2019embastillement des opposants politiques. Et comme les deux sujets \u00e9taient inscrits au menu des \u00e9changes, la question que l\u2019on pourrait se poser est de savoir si la visite du \u00ab\u00a0Monsieur Afrique\u00a0\u00bb de la Maison Blanche, permettra une d\u00e9crispation des relations entre les deux pays et surtout si l\u2019\u00e9missaire de l\u2019Administration Trump pourra attendrir \u00ab\u00a0l\u2019imperator\u00a0\u00bb camerounais\u00a0 dont la r\u00e9putation de ne pas faire de quartier \u00e0 ses adversaires, n\u2019est pas surfaite.<\/em><\/p>\n<p><strong>Le diplomate am\u00e9ricain a du pain sur la planche<\/strong><\/p>\n<p class=\"c4\"><em>Surtout ses opposants politiques dont le sort est d\u2019\u00eatre invariablement condamn\u00e9s au bagne, \u00e0 la moindre occasion. Ce n\u2019est pas Maurice Kamto, le leader du Mouvement pour la renaissance du Cameroun (MRC), qui dira la contraire; lui qui continue de revendiquer la victoire \u00e0 la pr\u00e9sidentielle d\u2019octobre dernier et qui a \u00e9t\u00e9, au d\u00e9tour d\u2019une manifestation, interpell\u00e9 en fin janvier dernier avec certains de ses\u00a0 proches et envoy\u00e9 au gnouf, en attendant d\u2019\u00eatre fix\u00e9 sur son sort devant la Justice de son pays qui l\u2019a formellement inculp\u00e9 pour \u00ab\u00a0r\u00e9bellion\u00a0\u00bb, \u00ab\u00a0insurrection\u00a0\u00bb et \u00ab\u00a0hostilit\u00e9 contre la patrie\u00a0\u00bb. Quant \u00e0 la question anglophone, la position de l\u2019homme fort du Cameroun est connue, lui qui n\u2019adh\u00e8re pas aux id\u00e9es s\u00e9cessionnistes de ses compatriotes dont il n\u2019est pas loin de consid\u00e9rer le comportement comme de la subversion qui m\u00e9rite d\u2019\u00eatre trait\u00e9e avec autant de fermet\u00e9. C\u2019est dire si le diplomate am\u00e9ricain a du pain sur la planche, d\u2019autant que son pays s\u2019est clairement prononc\u00e9 contre\u00a0la violence et la restriction des libert\u00e9s exerc\u00e9es sur les leaders anglophones\u00a0 tout en invitant les parties \u00e0 \u00ab\u00a0engager un dialogue pour une r\u00e9solution pacifique et durable\u00a0\u00bb de la crise.<\/em><br \/><em>Cela dit, si l\u2019on peut se r\u00e9jouir que les Am\u00e9ricains, connus pour ne pas faire dans la langue de bois, s\u2019int\u00e9ressent au cas du Cameroun, l\u2019on peut aussi se demander ce que l\u2019on peut attendre de la visite de Tibor Nagy, puisque c\u2019est de lui qu\u2019il s\u2019agit, chez Paul Biya. Qu\u2019est-ce qui va changer\u00a0dans le quotidien des Camerounais, toujours sous la f\u00e9rule d\u2019un pr\u00e9sident au pouvoir depuis plus de trois d\u00e9cennies et qui a verrouill\u00e9 le syst\u00e8me au point que l\u2019alternance appara\u00eet aujourd\u2019hui encore comme une ligne d\u2019horizon? R\u00e9ussira-t-il \u00e0 faire bouger les lignes dans le sens souhait\u00e9 par Washington\u00a0? L\u2019on attend de voir. Car, autant le pays de l\u2019oncle Sam a la r\u00e9putation de savoir se donner les moyens de parvenir \u00e0 ses fins, autant Paul Biya s\u2019est souvent montr\u00e9 \u00e9gal \u00e0 lui-m\u00eame en se donnant les moyens de sa politique vis-\u00e0-vis de ses compatriotes qu\u2019il tient visiblement par la barbichette, alors que lui-m\u00eame est vraisemblablement assis sur une v\u00e9ritable dalle renfermant de mauvaises pratiques, dans un pays o\u00f9 la corruption semble \u00e9rig\u00e9e en mode de gouvernance.<\/em><\/p>\n<p><strong>On peut se demander si le diplomate am\u00e9ricain ne perd pas son temps en voulant discuter de sujets qui f\u00e2chent<\/strong><\/p>\n<p class=\"c4\"><em>A la v\u00e9rit\u00e9, Paul Biya a su s\u2019imposer en ma\u00eetre absolu \u00e0 ses compatriotes qui semblent aujourd\u2019hui gagn\u00e9s par la r\u00e9signation, en attendant sans nul doute que la nature fasse son \u0153uvre. Et personne, aujourd\u2019hui, ne peut, contre lui, lever le petit doigt dans son pays, sans s\u2019attirer ses foudres.<\/em><br \/><em>Cela dit, suite \u00e0 cette visite du diplomate am\u00e9ricain, faut-il s\u2019attendre \u00e0 un \u00e9largissement prochain des prisonniers politiques, dont l\u2019embl\u00e9matique Maurice Kamto dont le cas suscite de vives r\u00e9actions jusqu\u2019au-del\u00e0 des fronti\u00e8res de son pays\u00a0? Rien n\u2019est moins s\u00fbr. Et en dehors des int\u00e9r\u00eats de son pays, l\u2019on peut se demander si le diplomate am\u00e9ricain ne perd pas son temps en voulant discuter de sujets qui f\u00e2chent comme la question anglophone et celle des prisonniers politiques, avec le vieux dirigeant camerounais qui semble avoir d\u00e9j\u00e0 son id\u00e9e arr\u00eat\u00e9e. Mais comme la diplomatie a ses raisons que la raison du citoyen lambda ignore, il faut esp\u00e9rer qu\u2019en d\u00e9pit de tout, la visite de l\u2019\u00e9missaire de la Maison Blanche permettra\u00a0<\/em> <em>de mettre fin \u00e0 cette brouille qui ne dit pas son nom, entre Washington et Yaound\u00e9 et de faire bouger les lignes dans le sens de la d\u00e9crispation de l\u2019atmosph\u00e8re sociopolitique vici\u00e9e, entre autres, par deux ans de crise dans la r\u00e9gion anglophone, qui demeure une grosse \u00e9pine dans le pied du pouvoir de Yaound\u00e9. Une crise qui s\u2019est enlis\u00e9e au point de se transformer en conflit arm\u00e9. On croise les doigts car il y va de la paix sociale au Cameroun.<\/em><\/p>\n<p><strong>\u00ab\u00a0Le Pays\u00a0\u00bb<\/strong><\/p>\n<p>Auteur: Le Pays<br \/>\n<a href=\"http:\/\/lepays.bf\/le-sous-secretaire-detat-americain-au-cameroun-le-monsieur-afrique-pourra-t-il-attendrir-paul-biya-2\/\">Cliquez ici pour lire l&rsquo;article depuis sa source.<\/a><\/p>\n","protected":false},"excerpt":{"rendered":"<p>Le 18 mars dernier, le sous-secr\u00e9taire am\u00e9ricain charg\u00e9 des affaires africaines \u00e9tait en visite au Cameroun o\u00f9 il a rencontr\u00e9 le pr\u00e9sident Paul Biya. Une visite qui intervient dans un contexte o\u00f9 les deux pays sont en froid, Yaound\u00e9 ayant exprim\u00e9 son agacement face aux sorties r\u00e9p\u00e9t\u00e9es de Washington qui a maintes fois donn\u00e9 de [&hellip;]<\/p>\n","protected":false},"author":1813,"featured_media":22887,"comment_status":"closed","ping_status":"closed","sticky":false,"template":"","format":"standard","meta":{"fifu_image_url":"","fifu_image_alt":"","footnotes":""},"categories":[73,81],"tags":[],"class_list":["post-22886","post","type-post","status-publish","format-standard","has-post-thumbnail","hentry","category-actualite","category-burkina-faso"],"_links":{"self":[{"href":"https:\/\/linitiative.ca\/International\/wp-json\/wp\/v2\/posts\/22886","targetHints":{"allow":["GET"]}}],"collection":[{"href":"https:\/\/linitiative.ca\/International\/wp-json\/wp\/v2\/posts"}],"about":[{"href":"https:\/\/linitiative.ca\/International\/wp-json\/wp\/v2\/types\/post"}],"author":[{"embeddable":true,"href":"https:\/\/linitiative.ca\/International\/wp-json\/wp\/v2\/users\/1813"}],"replies":[{"embeddable":true,"href":"https:\/\/linitiative.ca\/International\/wp-json\/wp\/v2\/comments?post=22886"}],"version-history":[{"count":0,"href":"https:\/\/linitiative.ca\/International\/wp-json\/wp\/v2\/posts\/22886\/revisions"}],"wp:featuredmedia":[{"embeddable":true,"href":"https:\/\/linitiative.ca\/International\/wp-json\/"}],"wp:attachment":[{"href":"https:\/\/linitiative.ca\/International\/wp-json\/wp\/v2\/media?parent=22886"}],"wp:term":[{"taxonomy":"category","embeddable":true,"href":"https:\/\/linitiative.ca\/International\/wp-json\/wp\/v2\/categories?post=22886"},{"taxonomy":"post_tag","embeddable":true,"href":"https:\/\/linitiative.ca\/International\/wp-json\/wp\/v2\/tags?post=22886"}],"curies":[{"name":"wp","href":"https:\/\/api.w.org\/{rel}","templated":true}]}}