{"id":22888,"date":"2019-03-19T16:16:40","date_gmt":"2019-03-19T20:16:40","guid":{"rendered":"https:\/\/linitiative.ca\/International\/bechir-face-a-la-revolte-du-pain-le-pouvoir-a-vie-ou-la-cpi\/"},"modified":"2019-03-19T16:16:40","modified_gmt":"2019-03-19T20:16:40","slug":"bechir-face-a-la-revolte-du-pain-le-pouvoir-a-vie-ou-la-cpi","status":"publish","type":"post","link":"https:\/\/linitiative.ca\/International\/bechir-face-a-la-revolte-du-pain-le-pouvoir-a-vie-ou-la-cpi\/","title":{"rendered":"BECHIR FACE A LA REVOLTE DU PAIN  :  Le pouvoir \u00e0 vie ou la CPI"},"content":{"rendered":"<p><img decoding=\"async\" class=\"post_layout_5_img\" src=\"http:\/\/lepays.bf\/wp-content\/uploads\/2019\/03\/BECHIR.jpg\" alt=\"BECHIR FACE A LA REVOLTE DU PAIN : Le pouvoir \u00e0 vie ou la CPI\"\/><\/p>\n<p class=\"c4\"><em>Jusque quand le pr\u00e9sident soudanais Omar El B\u00e9chir tiendra-t-il face aux manifs de rue qui, trois mois apr\u00e8s, ne retombent pas et ce, en d\u00e9pit de l\u2019\u00e9tat d\u2019urgence en vigueur et des changements intervenus au sein de l\u2019arm\u00e9e\u00a0? Jamais, en effet, l\u2019homme fort de Khartoum n\u2019a \u00e9t\u00e9 autant accul\u00e9, et de nombreux observateurs pensent que cette fois-ci, il est en train de jouer son va-tout ou sa survie dans cette crise d\u00e9clench\u00e9e suite \u00e0 la hausse du prix du pain d\u00e9cid\u00e9e par le gouvernement, l\u2019ann\u00e9e derni\u00e8re. Le Soudan, faut-il le rappeler, est \u00e9conomiquement asphyxi\u00e9 par plusieurs ann\u00e9es de guerre civile, et surtout par la partition du pays avec l\u2019ind\u00e9pendance du Soudan du Sud en 2011, sold\u00e9e par la perte des \u00be de ses r\u00e9serves p\u00e9troli\u00e8res. La d\u00e9pr\u00e9ciation de la livre soudanaise a gravement accentu\u00e9 le marasme \u00e9conomique d\u00e9j\u00e0 durement ressenti par les populations, et le r\u00e9gime n\u2019avait gu\u00e8re de choix dans ce contexte, que de mettre en place un plan d\u2019aust\u00e9rit\u00e9 qui induit, entre autres, une augmentation du co\u00fbt des denr\u00e9es alimentaires. C\u2019est l\u2019inflation du prix du pain qui est l\u2019une des denr\u00e9es les plus consomm\u00e9es au Soudan, qui a constitu\u00e9 le casus belli, et les manifestations pour s\u2019y opposer ont fini par gagner la capitale, malgr\u00e9 la r\u00e9pression f\u00e9roce de la police et le travail de filature d\u2019agents agissant pour le compte du r\u00e9gime et des puissants services de renseignement qui font de Khartoum l\u2019une des villes les plus surveill\u00e9es d\u2019Afrique. Les \u00e9meutiers de la faim surfent sans aucun doute sur le climat politique d\u00e9j\u00e0 explosif, surtout depuis qu\u2019Omar El B\u00e9chir, aux commandes du Soudan depuis 1989, a eu la mauvaise id\u00e9e de faire modifier la Constitution afin de briguer un autre mandat, \u00e0 la fin, en 2020, de celui en cours. Cette connexion entre le politique et le social dans cette crise, est d\u2019autant plus vraisemblable\u00a0 qu\u2019on a entendu des manifestants appeler ouvertement \u00e0 la chute du r\u00e9gime, et des opposants historiques comme Sadek al-Mahdi se d\u00e9lecter de cette avalanche de tuiles sur son tombeur et ennemi jur\u00e9.<\/em><\/p>\n<p><strong>Le \u00ab\u00a0Ra\u00efs\u00a0\u00bb se donnera tous les moyens pour s\u2019accrocher \u00e0 son fauteuil<\/strong><\/p>\n<p class=\"c4\"><em>Pour \u00e9viter d\u2019\u00eatre chass\u00e9 du pouvoir et de voir les portes de la justice s\u2019ouvrir grandement devant lui, le pr\u00e9sident soudanais a durci le ton ces derniers jours et a menac\u00e9 les leaders de l\u2019opposition qui travailleraient, selon lui, pour le compte de puissances \u00e9trang\u00e8res, de sanctions \u00e0 la hauteur de leur trahison. D\u00e9j\u00e0, des dizaines de manifestants ont \u00e9t\u00e9 tu\u00e9s, \u00a0 et le nombre va aller malheureusement crescendo puisque les deux parties raidissent leurs positions jour apr\u00e8s jour. Quand on sait que le pr\u00e9sident soudanais est bien conscient qu\u2019apr\u00e8s le pouvoir, la seule perspective qui s\u2019offre \u00e0 lui est la CPI qui a d\u00e9livr\u00e9 le premier mandat contre lui depuis le 4 mars 2009 pour g\u00e9nocide, crimes contre l\u2019humanit\u00e9 et crimes de guerre commis par sa soldatesque et ses barbouzes durant la guerre du Darfour. Entre finir ses jours dans le luxueux et imposant palais pr\u00e9sidentiel dont il arpente les couloirs depuis 30 ans, et une cellule de 10 m\u00e8tres carr\u00e9s \u00e0 Scheveningen, le choix est \u00e9videmment vite fait, et le \u00ab\u00a0Ra\u00efs\u00a0\u00bb se donnera tous les moyens pour s\u2019accrocher \u00e0 son fauteuil. Il se servira bien s\u00fbr du b\u00e2ton contre ses opposants comme il sait si bien le faire, mais il proposera dans le m\u00eame temps la carotte \u00e0 la frange docile du peuple afin d\u2019avoir sinon son silence, du moins sa neutralit\u00e9 dans cet \u00e9ni\u00e8me combat \u00e0 l\u2019issue incertaine. Dans son allocution de d\u00e9but janvier dernier, il avait annonc\u00e9 une augmentation substantielle des salaires et bien d\u2019autres avantages pour les fonctionnaires, mais ce \u00ab\u00a0cadeau suspect\u00a0\u00bb n\u2019a pas suffi \u00e0 calmer les ardeurs de ceux qui souhaitent le voir enfin d\u00e9barrasser le plancher. A preuve, r\u00e9unie \u00e0 Paris, l\u2019opposition politique ne demande qu\u2019une seule chose\u00a0: le d\u00e9part de B\u00e9chir. Cela dit, si l\u2019arme de la corruption ne percute pas comme il le veut, c\u2019est certain que B\u00e9chir fera encore appel \u00e0 ses snipers qui auront l\u2019ordre de tirer \u00e0 vue sur les manifestants depuis les toits des immeubles, exactement comme en septembre 2013 o\u00f9 plus de 200 personnes avaient \u00e9t\u00e9 massacr\u00e9es pour avoir d\u00e9nonc\u00e9 la tyrannie et la mal gouvernance du r\u00e9gime. Cette strat\u00e9gie du chaos pourrait \u00eatre contreproductive et m\u00eame extr\u00eamement dangereuse pour B\u00e9chir, car si le peuple soudanais arrivait \u00e0 le d\u00e9loger du palais pr\u00e9sidentiel comme il semble en avoir l\u2019intention, il irait dans le meilleur des cas r\u00e9pondre de ses actes devant la Justice internationale avec des charges encore plus lourdes du fait des derni\u00e8res r\u00e9pressions sur lesquelles la CPI enqu\u00eate d\u00e9j\u00e0. Tant qu\u2019\u00e0 faire, l\u2019inamovible pr\u00e9sident soudanais a plus \u00e0 gagner en n\u00e9gociant sa sortie de sc\u00e8ne avec ses compatriotes de l\u2019opposition, qui pourraient, le cas \u00e9ch\u00e9ant, lui indiquer le chemin de l\u2019exil vers un pays ami comme l\u2019Arabie Saoudite o\u00f9 il retrouverait l\u2019autre victime de la rue, Zine el-Abidine Ben Ali, ex-dictateur de la Tunisie et premi\u00e8re victime de ce qu\u2019on a appel\u00e9 le \u00ab\u00a0printemps arabe\u00a0\u00bb.<\/em><\/p>\n<p><strong>\u00ab\u00a0Le Pays\u00a0\u00bb<\/strong><\/p>\n<p>Auteur: Le Pays<br \/>\n<a href=\"http:\/\/lepays.bf\/bechir-face-a-la-revolte-du-pain-le-pouvoir-a-vie-ou-la-cpi\/\">Cliquez ici pour lire l&rsquo;article depuis sa source.<\/a><\/p>\n","protected":false},"excerpt":{"rendered":"<p>Jusque quand le pr\u00e9sident soudanais Omar El B\u00e9chir tiendra-t-il face aux manifs de rue qui, trois mois apr\u00e8s, ne retombent pas et ce, en d\u00e9pit de l\u2019\u00e9tat d\u2019urgence en vigueur et des changements intervenus au sein de l\u2019arm\u00e9e\u00a0? Jamais, en effet, l\u2019homme fort de Khartoum n\u2019a \u00e9t\u00e9 autant accul\u00e9, et de nombreux observateurs pensent que [&hellip;]<\/p>\n","protected":false},"author":1813,"featured_media":22889,"comment_status":"closed","ping_status":"closed","sticky":false,"template":"","format":"standard","meta":{"fifu_image_url":"","fifu_image_alt":"","footnotes":""},"categories":[73,81],"tags":[],"class_list":["post-22888","post","type-post","status-publish","format-standard","has-post-thumbnail","hentry","category-actualite","category-burkina-faso"],"_links":{"self":[{"href":"https:\/\/linitiative.ca\/International\/wp-json\/wp\/v2\/posts\/22888","targetHints":{"allow":["GET"]}}],"collection":[{"href":"https:\/\/linitiative.ca\/International\/wp-json\/wp\/v2\/posts"}],"about":[{"href":"https:\/\/linitiative.ca\/International\/wp-json\/wp\/v2\/types\/post"}],"author":[{"embeddable":true,"href":"https:\/\/linitiative.ca\/International\/wp-json\/wp\/v2\/users\/1813"}],"replies":[{"embeddable":true,"href":"https:\/\/linitiative.ca\/International\/wp-json\/wp\/v2\/comments?post=22888"}],"version-history":[{"count":0,"href":"https:\/\/linitiative.ca\/International\/wp-json\/wp\/v2\/posts\/22888\/revisions"}],"wp:featuredmedia":[{"embeddable":true,"href":"https:\/\/linitiative.ca\/International\/wp-json\/"}],"wp:attachment":[{"href":"https:\/\/linitiative.ca\/International\/wp-json\/wp\/v2\/media?parent=22888"}],"wp:term":[{"taxonomy":"category","embeddable":true,"href":"https:\/\/linitiative.ca\/International\/wp-json\/wp\/v2\/categories?post=22888"},{"taxonomy":"post_tag","embeddable":true,"href":"https:\/\/linitiative.ca\/International\/wp-json\/wp\/v2\/tags?post=22888"}],"curies":[{"name":"wp","href":"https:\/\/api.w.org\/{rel}","templated":true}]}}