{"id":22890,"date":"2019-03-19T16:20:41","date_gmt":"2019-03-19T20:20:41","guid":{"rendered":"https:\/\/linitiative.ca\/International\/cyclone-devastateur-au-mozambique-cest-la-prevention-qui-manque-le-plus\/"},"modified":"2019-03-19T16:20:41","modified_gmt":"2019-03-19T20:20:41","slug":"cyclone-devastateur-au-mozambique-cest-la-prevention-qui-manque-le-plus","status":"publish","type":"post","link":"https:\/\/linitiative.ca\/International\/cyclone-devastateur-au-mozambique-cest-la-prevention-qui-manque-le-plus\/","title":{"rendered":"CYCLONE DEVASTATEUR AU MOZAMBIQUE  :  C\u2019est la pr\u00e9vention qui manque le plus"},"content":{"rendered":"<p><img decoding=\"async\" class=\"post_layout_5_img\" src=\"http:\/\/lepays.bf\/wp-content\/uploads\/2019\/03\/CYCLONE-.jpg\" alt=\"CYCLONE DEVASTATEUR AU MOZAMBIQUE : C\u2019est la pr\u00e9vention qui manque le plus\"\/><\/p>\n<p class=\"c4\"><em>Entre pleurs et interrogations, les Mozambicains continuent de compter les leurs qui ont \u00e9t\u00e9 emport\u00e9s par Idai, du nom du violent cyclone qui a d\u00e9vast\u00e9 le pays dans la nuit du 14 au 15 mars dernier. Le pr\u00e9sident Filipe Nyusi, eu \u00e9gard \u00e0 l\u2019ampleur de la catastrophe, annonce que le bilan pourrait d\u00e9passer les 1000 morts. Pour l\u2019heure, il est question de 84 macchab\u00e9es, 24 h\u00f4pitaux d\u00e9truits, 267 classes d\u2019\u00e9coles partiellement ou enti\u00e8rement sous les eaux, dans un spectacle gla\u00e7ant de corps qui flottent sur les eaux. En plus de cette comptabilit\u00e9 macabre, les humanitaires et les autorit\u00e9s estiment \u00e0 des dizaines de milliers, les sinistr\u00e9s. C\u2019est dire si le sort s\u2019est vraiment acharn\u00e9 sur le Mozambique et davantage sur la r\u00e9gion de Beira d\u00e9vast\u00e9e \u00e0 90% par le passage de Idai. Et aux dires des m\u00e9t\u00e9orologistes, ce serait \u00ab\u00a0le cyclone le plus puissant que l\u2019Afrique australe ait jamais connu ces dix derni\u00e8res ann\u00e9es\u00bb.<\/em><br \/><em>Face \u00e0 ce d\u00e9sastre humanitaire, les Mozambicains ont besoin, dans l\u2019urgence, d\u2019un \u00e9lan de solidarit\u00e9 de la communaut\u00e9 internationale. Du continent africain \u00e0 l\u2019Europe en passant par les Am\u00e9riques et l\u2019Asie, l\u2019on doit faire preuve de solidarit\u00e9 agissante envers les Mozambicains qui sont sous le choc pour ne pas dire frapp\u00e9s par une sorte de tsunami traumatique. En tout cas, les pays les plus ais\u00e9s financi\u00e8rement et les plus exp\u00e9riment\u00e9s sur la gestion des catastrophes naturelles, ne doivent pas rester impassibles face \u00e0 ce drame que vient de subir le Mozambique qui, eu \u00e9gard \u00e0 son niveau de d\u00e9veloppement socio\u00e9conomique, n\u2019a certainement pas suffisamment de capacit\u00e9 de r\u00e9silience pour faire face \u00e0 pareille situation.<\/em><\/p>\n<p><strong>Le d\u00e9fi qui se pr\u00e9sente aux diff\u00e9rents Etats, c\u2019est la pr\u00e9vention<\/strong><\/p>\n<p class=\"c4\"><em>Il en est de m\u00eame pour les organisations humanitaires qui, en collaboration avec les autorit\u00e9s mozambicaines, doivent parer au plus urgent en organisant une cha\u00eene de solidarit\u00e9 \u00e0 m\u00eame de voler au secours des personnes sinistr\u00e9es. Il est \u00e9vident que le pays, \u00e0 lui tout seul, ne saurait s\u2019en sortir d\u2019autant que l\u2019ampleur des d\u00e9g\u00e2ts et surtout le nombre de victimes, est impressionnant.<\/em><br \/><em>Cela dit, par ces temps de perturbations climatiques, aucun pays n\u2019est \u00e0 l\u2019abri de catastrophes naturelles. Des images saisissantes de pays nantis en proie \u00e0 ce ph\u00e9nom\u00e8ne, sont bien souvent relay\u00e9es par les m\u00e9dias. Et l\u2019on ne peut pas forc\u00e9ment pointer du doigt la responsabilit\u00e9 des dirigeants des pays concern\u00e9s dans la survenue de ces sinistres. Mais dans la plupart des Etats africains, les autorit\u00e9s peuvent difficilement d\u00e9gager leurs responsabilit\u00e9s. Car, s\u2019il est impossible d\u2019\u00e9viter les catastrophes naturelles, le d\u00e9fi qui se pr\u00e9sente aux diff\u00e9rents Etats, c\u2019est la pr\u00e9vention afin de limiter les pertes en vie humaine. Et, contrairement aux pays riches qui ont beaucoup investi dans les technologies sophistiqu\u00e9es comme les satellites qui permettent de pr\u00e9voir la trajectoire des cyclones afin de pr\u00e9venir \u00e0 temps les populations, bon nombre de dirigeants afrcains, eux, ne font pas toujours leur, l\u2019adage selon lequel \u00ab gouverner, c\u2019est pr\u00e9voir \u00bb. Certes, le Mozambique n\u2019a pas les moyens des Etats-Unis pour d\u00e9velopper des techniques diagnostiques modernes des cyclones, mais les dirigeants ne sont pas pour autant incapables de prendre des mesures draconiennes, comme d\u00e9loger les populations install\u00e9es dans des zones \u00e0 risques o\u00f9 sont parfois construites des habitations de fortune. Toute chose qui peut permettre de minimiser les impacts des cyclones ou des inondations sur la population.<\/em><\/p>\n<p><strong>Drissa TRAORE<\/strong><\/p>\n<p>Auteur: Le Pays<br \/>\n<a href=\"http:\/\/lepays.bf\/cyclone-devastateur-au-mozambique-cest-la-prevention-qui-manque-le-plus\/\">Cliquez ici pour lire l&rsquo;article depuis sa source.<\/a><\/p>\n","protected":false},"excerpt":{"rendered":"<p>Entre pleurs et interrogations, les Mozambicains continuent de compter les leurs qui ont \u00e9t\u00e9 emport\u00e9s par Idai, du nom du violent cyclone qui a d\u00e9vast\u00e9 le pays dans la nuit du 14 au 15 mars dernier. Le pr\u00e9sident Filipe Nyusi, eu \u00e9gard \u00e0 l\u2019ampleur de la catastrophe, annonce que le bilan pourrait d\u00e9passer les 1000 [&hellip;]<\/p>\n","protected":false},"author":1813,"featured_media":22891,"comment_status":"closed","ping_status":"closed","sticky":false,"template":"","format":"standard","meta":{"fifu_image_url":"","fifu_image_alt":"","footnotes":""},"categories":[73,81],"tags":[],"class_list":["post-22890","post","type-post","status-publish","format-standard","has-post-thumbnail","hentry","category-actualite","category-burkina-faso"],"_links":{"self":[{"href":"https:\/\/linitiative.ca\/International\/wp-json\/wp\/v2\/posts\/22890","targetHints":{"allow":["GET"]}}],"collection":[{"href":"https:\/\/linitiative.ca\/International\/wp-json\/wp\/v2\/posts"}],"about":[{"href":"https:\/\/linitiative.ca\/International\/wp-json\/wp\/v2\/types\/post"}],"author":[{"embeddable":true,"href":"https:\/\/linitiative.ca\/International\/wp-json\/wp\/v2\/users\/1813"}],"replies":[{"embeddable":true,"href":"https:\/\/linitiative.ca\/International\/wp-json\/wp\/v2\/comments?post=22890"}],"version-history":[{"count":0,"href":"https:\/\/linitiative.ca\/International\/wp-json\/wp\/v2\/posts\/22890\/revisions"}],"wp:featuredmedia":[{"embeddable":true,"href":"https:\/\/linitiative.ca\/International\/wp-json\/"}],"wp:attachment":[{"href":"https:\/\/linitiative.ca\/International\/wp-json\/wp\/v2\/media?parent=22890"}],"wp:term":[{"taxonomy":"category","embeddable":true,"href":"https:\/\/linitiative.ca\/International\/wp-json\/wp\/v2\/categories?post=22890"},{"taxonomy":"post_tag","embeddable":true,"href":"https:\/\/linitiative.ca\/International\/wp-json\/wp\/v2\/tags?post=22890"}],"curies":[{"name":"wp","href":"https:\/\/api.w.org\/{rel}","templated":true}]}}