{"id":22895,"date":"2019-03-18T18:19:00","date_gmt":"2019-03-18T22:19:00","guid":{"rendered":"https:\/\/linitiative.ca\/International\/premier-ministere-une-delegation-de-lusaid-chez-joseph-marie-dabire\/"},"modified":"2019-03-18T18:19:00","modified_gmt":"2019-03-18T22:19:00","slug":"premier-ministere-une-delegation-de-lusaid-chez-joseph-marie-dabire","status":"publish","type":"post","link":"https:\/\/linitiative.ca\/International\/premier-ministere-une-delegation-de-lusaid-chez-joseph-marie-dabire\/","title":{"rendered":"Premier minist\u00e8re : Une d\u00e9l\u00e9gation de l\u2019USAID chez Joseph Marie Dabir\u00e9"},"content":{"rendered":"<div class=\"td-post-featured-image\"><a href=\"https:\/\/i2.wp.com\/www.sidwaya.info\/wp-content\/uploads\/2019\/03\/Audience-PM-1.jpg?fit=600%2C390&#038;ssl=1\" data-caption=\"\"><img loading=\"lazy\" decoding=\"async\" width=\"600\" height=\"390\" class=\"entry-thumb td-modal-image\" src=\"https:\/\/i2.wp.com\/www.sidwaya.info\/wp-content\/uploads\/2019\/03\/Audience-PM-1.jpg?resize=600%2C390&#038;ssl=1\" srcset=\"https:\/\/i2.wp.com\/www.sidwaya.info\/wp-content\/uploads\/2019\/03\/Audience-PM-1.jpg?w=600&#038;ssl=1 600w, https:\/\/i2.wp.com\/www.sidwaya.info\/wp-content\/uploads\/2019\/03\/Audience-PM-1.jpg?resize=300%2C195&#038;ssl=1 300w\" sizes=\"auto, (max-width: 600px) 100vw, 600px\" alt=\"\" title=\"Audience-PM\"\/><\/a><\/div>\n<div class=\"td-a-rec td-a-rec-id-content_top td_uid_30_5c9162af202ba_rand td_block_template_1\"><img loading=\"lazy\" decoding=\"async\" class=\"aligncenter size-full wp-image-4463\" src=\"https:\/\/www.sidwaya.info\/wp-content\/uploads\/2019\/02\/FESPACO-TOUR-2019-Bannie%CC%80re-728x90-1.jpg\" alt=\"\" width=\"728\" height=\"90\"\/><\/div>\n<p><strong>Le premier ministre, Christophe Joseph Marie Dabir\u00e9, a re\u00e7u, en audience le lundi 18 mars 2019, une d\u00e9l\u00e9gation de l\u2019USAID venue de Washington aux Etats-Unis d\u2019Am\u00e9rique avec \u00e0 sa t\u00eate l\u2019administratrice adjointe du bureau Afrique, Cheryl Anderson.<\/strong><\/p>\n<p>En s\u00e9jour au Burkina Faso, l\u2019administratrice adjointe du bureau Afrique de l\u2019USAID (NDLR\u00a0: l\u2019Agence des Etats-Unis pour le d\u00e9veloppement international), Cheryl Anderson et sa d\u00e9l\u00e9gation ont \u00e9chang\u00e9, le lundi 18 mars 2019 au cours d\u2019une audience, avec le Premier ministre, Christophe Joseph Marie Dabir\u00e9, sur les interventions de son agence au pays des Hommes int\u00e8gres. Selon l\u2019ambassadeur des Etats-Unis au Burkina Faso, Andrew Young, l\u2019USAID est un partenaire important du d\u00e9veloppement \u00e9quitable pour le peuple burkinab\u00e8.<\/p>\n<p>A l\u2019\u00e9couter, les \u00e9changes ont port\u00e9 sur les prochaines \u00e9tapes du Millenium challenge corporation (MCC), notamment le volet en rapport avec l\u2019augmentation des capacit\u00e9s dans le domaine de l\u2019\u00e9nergie. \u00ab\u00a0Nous avons parl\u00e9 aussi de la sant\u00e9, domaine que l\u2019USAID soutient dans le but de surmonter les difficult\u00e9s dans le secteur. Les liens entre le peuple am\u00e9ricain et le peuple burkinab\u00e8 sont larges, profonds et producteurs\u00a0\u00bb, a lanc\u00e9 Andrew Young. Au-del\u00e0 de ces questions, a-t-il confi\u00e9, la d\u00e9l\u00e9gation et le chef du gouvernement ont aussi \u00e9chang\u00e9 sur la lutte contre le terrorisme.<\/p>\n<p>Selon le diplomate am\u00e9ricain, l\u2019USAID a salu\u00e9 le travail important abattu par les Forces de d\u00e9fenses et de s\u00e9curit\u00e9 (FDS) pour assurer la s\u00e9curit\u00e9 de la population tout en prot\u00e9geant les droits humains. \u00ab\u00a0Nous avons f\u00e9licit\u00e9 le Premier ministre pour la r\u00e9ussite de l\u2019exercice Flintlock 2019 qui a connu la grande participation, avec pr\u00e8s de 2000 participants venus de 30 pays. La lutte contre le terrorisme doit rimer avec la protection de la population, afin de permettre au continent africain de faire face aux d\u00e9fis\u00a0\u00bb, a laiss\u00e9 entendre l\u2019ambassadeur Young.<\/p>\n<p><strong>Joseph HARO<\/strong><\/p>\n<div class=\"td-a-rec td-a-rec-id-content_bottom td_uid_31_5c9162af20466_rand td_block_template_1\"><img loading=\"lazy\" decoding=\"async\" class=\"alignright size-full wp-image-1724\" src=\"https:\/\/www.sidwaya.info\/wp-content\/uploads\/2018\/12\/sidwaya-pub.jpg\" alt=\"\" width=\"720\" height=\"90\"\/><\/div>\n<p>Auteur: DB. Sidwaya<br \/>\n<a href=\"https:\/\/www.sidwaya.info\/blog\/2019\/03\/18\/premier-ministere-une-delegation-de-lusaid-chez-joseph-marie-dabire\/\">Cliquez ici pour lire l&rsquo;article depuis sa source.<\/a><\/p>\n","protected":false},"excerpt":{"rendered":"<p>Le premier ministre, Christophe Joseph Marie Dabir\u00e9, a re\u00e7u, en audience le lundi 18 mars 2019, une d\u00e9l\u00e9gation de l\u2019USAID venue de Washington aux Etats-Unis d\u2019Am\u00e9rique avec \u00e0 sa t\u00eate l\u2019administratrice adjointe du bureau Afrique, Cheryl Anderson. En s\u00e9jour au Burkina Faso, l\u2019administratrice adjointe du bureau Afrique de l\u2019USAID (NDLR\u00a0: l\u2019Agence des Etats-Unis pour le [&hellip;]<\/p>\n","protected":false},"author":1816,"featured_media":0,"comment_status":"closed","ping_status":"closed","sticky":false,"template":"","format":"standard","meta":{"fifu_image_url":"","fifu_image_alt":"","footnotes":""},"categories":[73,81],"tags":[],"class_list":["post-22895","post","type-post","status-publish","format-standard","hentry","category-actualite","category-burkina-faso"],"_links":{"self":[{"href":"https:\/\/linitiative.ca\/International\/wp-json\/wp\/v2\/posts\/22895","targetHints":{"allow":["GET"]}}],"collection":[{"href":"https:\/\/linitiative.ca\/International\/wp-json\/wp\/v2\/posts"}],"about":[{"href":"https:\/\/linitiative.ca\/International\/wp-json\/wp\/v2\/types\/post"}],"author":[{"embeddable":true,"href":"https:\/\/linitiative.ca\/International\/wp-json\/wp\/v2\/users\/1816"}],"replies":[{"embeddable":true,"href":"https:\/\/linitiative.ca\/International\/wp-json\/wp\/v2\/comments?post=22895"}],"version-history":[{"count":0,"href":"https:\/\/linitiative.ca\/International\/wp-json\/wp\/v2\/posts\/22895\/revisions"}],"wp:attachment":[{"href":"https:\/\/linitiative.ca\/International\/wp-json\/wp\/v2\/media?parent=22895"}],"wp:term":[{"taxonomy":"category","embeddable":true,"href":"https:\/\/linitiative.ca\/International\/wp-json\/wp\/v2\/categories?post=22895"},{"taxonomy":"post_tag","embeddable":true,"href":"https:\/\/linitiative.ca\/International\/wp-json\/wp\/v2\/tags?post=22895"}],"curies":[{"name":"wp","href":"https:\/\/api.w.org\/{rel}","templated":true}]}}