{"id":22902,"date":"2019-03-19T17:41:01","date_gmt":"2019-03-19T21:41:01","guid":{"rendered":"https:\/\/linitiative.ca\/International\/differend-intercommunautaire-a-solenzo\/"},"modified":"2019-03-19T17:41:01","modified_gmt":"2019-03-19T21:41:01","slug":"differend-intercommunautaire-a-solenzo","status":"publish","type":"post","link":"https:\/\/linitiative.ca\/International\/differend-intercommunautaire-a-solenzo\/","title":{"rendered":"Diff\u00e9rend intercommunautaire \u00e0 Solenzo"},"content":{"rendered":"<div class=\"td-post-featured-image\"><a href=\"https:\/\/i2.wp.com\/www.sidwaya.info\/wp-content\/uploads\/2019\/03\/societeslz.jpg?fit=787%2C590&#038;ssl=1\" data-caption=\"\"><img loading=\"lazy\" decoding=\"async\" width=\"696\" height=\"522\" class=\"entry-thumb td-modal-image\" src=\"https:\/\/i2.wp.com\/www.sidwaya.info\/wp-content\/uploads\/2019\/03\/societeslz.jpg?resize=696%2C522&#038;ssl=1\" srcset=\"https:\/\/i2.wp.com\/www.sidwaya.info\/wp-content\/uploads\/2019\/03\/societeslz.jpg?w=787&#038;ssl=1 787w, https:\/\/i2.wp.com\/www.sidwaya.info\/wp-content\/uploads\/2019\/03\/societeslz.jpg?resize=300%2C225&#038;ssl=1 300w, https:\/\/i2.wp.com\/www.sidwaya.info\/wp-content\/uploads\/2019\/03\/societeslz.jpg?resize=768%2C576&#038;ssl=1 768w, https:\/\/i2.wp.com\/www.sidwaya.info\/wp-content\/uploads\/2019\/03\/societeslz.jpg?resize=80%2C60&#038;ssl=1 80w, https:\/\/i2.wp.com\/www.sidwaya.info\/wp-content\/uploads\/2019\/03\/societeslz.jpg?resize=265%2C198&#038;ssl=1 265w, https:\/\/i2.wp.com\/www.sidwaya.info\/wp-content\/uploads\/2019\/03\/societeslz.jpg?resize=696%2C522&#038;ssl=1 696w, https:\/\/i2.wp.com\/www.sidwaya.info\/wp-content\/uploads\/2019\/03\/societeslz.jpg?resize=560%2C420&#038;ssl=1 560w\" sizes=\"auto, (max-width: 696px) 100vw, 696px\" alt=\"\" title=\"societeslz\"\/><\/a><\/div>\n<div class=\"td-a-rec td-a-rec-id-content_top td_uid_30_5c9162c0ab966_rand td_block_template_1\"><img loading=\"lazy\" decoding=\"async\" class=\"aligncenter size-full wp-image-4463\" src=\"https:\/\/www.sidwaya.info\/wp-content\/uploads\/2019\/02\/FESPACO-TOUR-2019-Bannie%CC%80re-728x90-1.jpg\" alt=\"\" width=\"728\" height=\"90\"\/><\/div>\n<p><strong>Le M\u00e9diateur du Faso a organis\u00e9 le lundi 18 mars 2019 la journ\u00e9e de la paix \u00e0 Solenzo dans la province des Banwa dans la Boucle du Mouhoun.<\/strong><\/p>\n<p>Lundi 18 mars 2019, il est 10 heures \u00e0 Solenzo. Par petits groupes ou individuellement, les populations de cette ville, capitale de la province des Banwa, convergeaient dans la cour du chef de canton. Une trentaine de minutes plus tard, un chef traditionnel en compagnie de ses tambouriniers et ses chanteuses fait son entr\u00e9e, et s\u2019engouffre imm\u00e9diatement dans une demeure. C\u2019est le chef de la communaut\u00e9 moaga de Solenzo, apprend-on. Quelques instants apr\u00e8s, le chef de canton de Solenzo et \u00abson fr\u00e8re\u00bb de la communaut\u00e9 moaga rejoignent ensemble la foule pour accueillir les autorit\u00e9s administratives. La raison du rassemblement, a expliqu\u00e9 d\u2019entr\u00e9e, le ma\u00eetre des lieux, est la c\u00e9l\u00e9bration de la paix retrouv\u00e9e dans la ville de Solenzo. \u00abIl y a eu un moment o\u00f9 nos fr\u00e8res mossi et nous ne se parlaient pas. Dieu merci, avec les efforts des uns et des autres, ce pass\u00e9 douloureux est derri\u00e8re nous. La preuve, nous voil\u00e0 ensemble aujourd\u2019hui pour traduire cette paix retrouv\u00e9e\u00bb, soutient le chef de canton de Solenzo.<\/p>\n<p>\u00abNous venons de loin. Dieu merci, nous sommes parvenus \u00e0 concilier les positions pour une vie paisible. Nous avons le devoir de travailler \u00e0 consolider cette paix pour un d\u00e9veloppement durable de notre localit\u00e9\u00bb, rench\u00e9rit le chef de la communaut\u00e9 moaga. La paix, la coh\u00e9sion sociale, le pardon, ont \u00e9t\u00e9 les ma\u00eetres-mots de tous les intervenants \u00e0 la journ\u00e9e consacr\u00e9e au renforcement du tissu social et au vivre-ensemble \u00e0 Solenzo. \u00abD\u00e9sormais, les fils et filles de Solenzo, conclut le chef de canton de Solenzo sont \u00e0 jamais unifi\u00e9s\u00bb. La journ\u00e9e de r\u00e9conciliation, a rappel\u00e9 le haut-commissaire de la province des Banwa, Sahabani Z\u00e8ba, n\u2019aurait pas lieu sans l\u2019implication du M\u00e9diateur du Faso, Saran S\u00e9r\u00e9\/S\u00e9r\u00e9m\u00e9, qui, d\u00e8s sa prise de fonction a entam\u00e9 des tourn\u00e9es dans les r\u00e9gions qui l\u2019ont conduite \u00e0 Solenzo dans la Boucle du Mouhoun o\u00f9 elle a fait le constat de l\u2019effritement du tissu social. Ce constat aurait permis \u00e0 Mme S\u00e9r\u00e9 de travailler d\u2019arrache-pied pour rassembler les deux communaut\u00e9s de Solenzo, qui ne s\u2019adressaient pas la parole.<\/p>\n<p>Un processus qui a d\u00e9but\u00e9 par la r\u00e9union des deux entit\u00e9s en juin 2018 pour discuter \u00e0 b\u00e2tons rompus du mal qui gangrenait la vie sociale \u00e0 Solenzo. D\u00e8s lors, sur proposition du M\u00e9diateur du Faso, les deux chefs, ayant fait preuve d\u2019un sens du dialogue dans la recherche de la paix, ont re\u00e7u la reconnaissance de la Nation \u00e0 l\u2019occasion du 11-D\u00e9cembre 2018, \u00e0 en croire la repr\u00e9sentante du M\u00e9diateur du Faso \u00e0 cette journ\u00e9e de c\u00e9l\u00e9bration de la paix, Triand\u00e9 Alizata, par ailleurs directrice du cabinet du M\u00e9diateur du Faso. Le dernier acte, pour sceller d\u00e9finitivement cette paix, a \u00e9t\u00e9 cette journ\u00e9e ayant r\u00e9uni \u00e0 la m\u00eame place les diff\u00e9rentes communaut\u00e9s de la ville de Solenzo. En rappel, entre 2010-2011, un conflit intercommunautaire a \u00e9clat\u00e9 entre les populations autochtones et la communaut\u00e9 mossi. Un conflit qui s\u2019\u00e9tait sold\u00e9 par la perte en vies humaines de deux personnes et de nombreux bless\u00e9s, a confi\u00e9 une personne ressource. De 2010 \u00e0 2018 bien que vivant dans la m\u00eame ville, les deux communaut\u00e9s avaient du mal \u00e0 enterrer la hache de guerre jusqu\u2019\u00e0 l\u2019intervention du M\u00e9diateur du Faso.<\/p>\n<p>Kam\u00e9l\u00e9 FAYAMA<\/p>\n<div class=\"td-a-rec td-a-rec-id-content_bottom td_uid_31_5c9162c0abaf4_rand td_block_template_1\"><img loading=\"lazy\" decoding=\"async\" class=\"alignright size-full wp-image-1724\" src=\"https:\/\/www.sidwaya.info\/wp-content\/uploads\/2018\/12\/sidwaya-pub.jpg\" alt=\"\" width=\"720\" height=\"90\"\/><\/div>\n<p>Auteur: BM. Sidwaya<br \/>\n<a href=\"https:\/\/www.sidwaya.info\/blog\/2019\/03\/19\/differend-intercommunautaire-a-solenzo\/\">Cliquez ici pour lire l&rsquo;article depuis sa source.<\/a><\/p>\n","protected":false},"excerpt":{"rendered":"<p>Le M\u00e9diateur du Faso a organis\u00e9 le lundi 18 mars 2019 la journ\u00e9e de la paix \u00e0 Solenzo dans la province des Banwa dans la Boucle du Mouhoun. Lundi 18 mars 2019, il est 10 heures \u00e0 Solenzo. Par petits groupes ou individuellement, les populations de cette ville, capitale de la province des Banwa, convergeaient [&hellip;]<\/p>\n","protected":false},"author":1816,"featured_media":0,"comment_status":"closed","ping_status":"closed","sticky":false,"template":"","format":"standard","meta":{"fifu_image_url":"","fifu_image_alt":"","footnotes":""},"categories":[73,81],"tags":[],"class_list":["post-22902","post","type-post","status-publish","format-standard","hentry","category-actualite","category-burkina-faso"],"_links":{"self":[{"href":"https:\/\/linitiative.ca\/International\/wp-json\/wp\/v2\/posts\/22902","targetHints":{"allow":["GET"]}}],"collection":[{"href":"https:\/\/linitiative.ca\/International\/wp-json\/wp\/v2\/posts"}],"about":[{"href":"https:\/\/linitiative.ca\/International\/wp-json\/wp\/v2\/types\/post"}],"author":[{"embeddable":true,"href":"https:\/\/linitiative.ca\/International\/wp-json\/wp\/v2\/users\/1816"}],"replies":[{"embeddable":true,"href":"https:\/\/linitiative.ca\/International\/wp-json\/wp\/v2\/comments?post=22902"}],"version-history":[{"count":0,"href":"https:\/\/linitiative.ca\/International\/wp-json\/wp\/v2\/posts\/22902\/revisions"}],"wp:attachment":[{"href":"https:\/\/linitiative.ca\/International\/wp-json\/wp\/v2\/media?parent=22902"}],"wp:term":[{"taxonomy":"category","embeddable":true,"href":"https:\/\/linitiative.ca\/International\/wp-json\/wp\/v2\/categories?post=22902"},{"taxonomy":"post_tag","embeddable":true,"href":"https:\/\/linitiative.ca\/International\/wp-json\/wp\/v2\/tags?post=22902"}],"curies":[{"name":"wp","href":"https:\/\/api.w.org\/{rel}","templated":true}]}}