{"id":22903,"date":"2019-03-19T17:43:41","date_gmt":"2019-03-19T21:43:41","guid":{"rendered":"https:\/\/linitiative.ca\/International\/primature-une-delegation-du-conseil-constitutionnel-chez-christophe-dabire\/"},"modified":"2019-03-19T17:43:41","modified_gmt":"2019-03-19T21:43:41","slug":"primature-une-delegation-du-conseil-constitutionnel-chez-christophe-dabire","status":"publish","type":"post","link":"https:\/\/linitiative.ca\/International\/primature-une-delegation-du-conseil-constitutionnel-chez-christophe-dabire\/","title":{"rendered":"Primature: une d\u00e9l\u00e9gation du Conseil constitutionnel chez Christophe Dabir\u00e9"},"content":{"rendered":"<div class=\"td-post-featured-image\"><a href=\"https:\/\/i1.wp.com\/www.sidwaya.info\/wp-content\/uploads\/2019\/03\/audprimat.jpg?fit=787%2C534&#038;ssl=1\" data-caption=\"\"><img loading=\"lazy\" decoding=\"async\" width=\"696\" height=\"472\" class=\"entry-thumb td-modal-image\" src=\"https:\/\/i1.wp.com\/www.sidwaya.info\/wp-content\/uploads\/2019\/03\/audprimat.jpg?resize=696%2C472&#038;ssl=1\" srcset=\"https:\/\/i1.wp.com\/www.sidwaya.info\/wp-content\/uploads\/2019\/03\/audprimat.jpg?w=787&#038;ssl=1 787w, https:\/\/i1.wp.com\/www.sidwaya.info\/wp-content\/uploads\/2019\/03\/audprimat.jpg?resize=300%2C204&#038;ssl=1 300w, https:\/\/i1.wp.com\/www.sidwaya.info\/wp-content\/uploads\/2019\/03\/audprimat.jpg?resize=768%2C521&#038;ssl=1 768w, https:\/\/i1.wp.com\/www.sidwaya.info\/wp-content\/uploads\/2019\/03\/audprimat.jpg?resize=696%2C472&#038;ssl=1 696w, https:\/\/i1.wp.com\/www.sidwaya.info\/wp-content\/uploads\/2019\/03\/audprimat.jpg?resize=619%2C420&#038;ssl=1 619w\" sizes=\"auto, (max-width: 696px) 100vw, 696px\" alt=\"\" title=\"audprimat\"\/><\/a><\/div>\n<div class=\"td-a-rec td-a-rec-id-content_top td_uid_30_5c9162c35c93d_rand td_block_template_1\"><img loading=\"lazy\" decoding=\"async\" class=\"aligncenter size-full wp-image-4463\" src=\"https:\/\/www.sidwaya.info\/wp-content\/uploads\/2019\/02\/FESPACO-TOUR-2019-Bannie%CC%80re-728x90-1.jpg\" alt=\"\" width=\"728\" height=\"90\"\/><\/div>\n<p><strong>Le Premier ministre, Christophe Joseph Marie Dabir\u00e9, a re\u00e7u le mardi 19 mars 2019 \u00e0 Ouagadougou, le pr\u00e9sident du conseil constitutionnel, Kassoum Kambou.<\/strong><\/p>\n<p>Une d\u00e9l\u00e9gation du Conseil constitutionnel, conduite par son pr\u00e9sident, Kassoum Kambou, a \u00e9t\u00e9 re\u00e7ue par le Premier ministre, Christophe Joseph Marie Dabir\u00e9, hier 19 mars \u00e0 Ouagadougou. Apr\u00e8s trois quarts d\u2019heure d\u2019\u00e9changes \u00e0 huis clos, le chef de la d\u00e9l\u00e9gation s\u2019est confi\u00e9 \u00e0 la presse\u00a0: \u00abce matin je suis \u00e0 la t\u00eate d\u2019une d\u00e9l\u00e9gation du Conseil constitutionnel, venue f\u00e9liciter le Premier ministre pour sa nomination et lui souhaiter plein succ\u00e8s dans cette nouvelle fonction\u00bb.<\/p>\n<p>Kasoum Kambou a \u00e9galement mis \u00e0 profit cette rencontre avec le nouveau chef du gouvernement pour \u00e9changer sur les rapports de collaboration entre les deux institutions. \u00abLa Primature fait partie des structures de l\u2019Etat qui saisissent r\u00e9guli\u00e8rement le Conseil constitutionnel dans son travail quotidien par rapport \u00e0 un certain nombre de dossiers. Il \u00e9tait donc indiqu\u00e9 que nous puissions aborder les proc\u00e9dures et les voies \u00e0 suivre\u00bb, a pr\u00e9cis\u00e9 le haut magistrat. Selon lui, le Conseil constitutionnel est comp\u00e9tent en mati\u00e8re constitutionnelle, c\u2019est-\u00e0-dire la v\u00e9rification de la conformit\u00e9 des lois avec les dispositions de la Constitution, ainsi qu\u2019avec les trait\u00e9s et les conventions ratifi\u00e9s par l\u2019Etat burkinab\u00e8. A en croire M. Kambou, le pr\u00e9sident du Faso, le Premier ministre, le pr\u00e9sident de l\u2019Assembl\u00e9e nationale, et aussi les citoyens sont habilit\u00e9s \u00e0 saisir son institution dans ce sens.<\/p>\n<p>\u00abAu cours de l\u2019ann\u00e9e 2018, le Premier minist\u00e8re a fait recours au Conseil constitutionnel plus de 20 fois afin d\u2019examiner et d\u2019\u00e9mettre des avis sur diff\u00e9rents dossiers contre 14 fois par des citoyens\u00bb, a fait savoir le pr\u00e9sident du conseil, ajoutant que la structure \u00e9tatique figure parmi les garants des droits individuels et collectifs des citoyens. Interrog\u00e9 sur la nouvelle constitution en cours, le juge a laiss\u00e9 entendre qu\u2019elle rel\u00e8ve de la souverainet\u00e9 du peuple, le r\u00f4le du \u00a0coll\u00e8ge\u00a0 des magistrats constitutionnels \u00e9tant de veiller \u00e0 ce que toutes les autres lois respectent les dispositions de cette volont\u00e9 populaire.<\/p>\n<p>Beyon Romain NEBIE<\/p>\n<div class=\"td-a-rec td-a-rec-id-content_bottom td_uid_31_5c9162c35cae2_rand td_block_template_1\"><img loading=\"lazy\" decoding=\"async\" class=\"alignright size-full wp-image-1724\" src=\"https:\/\/www.sidwaya.info\/wp-content\/uploads\/2018\/12\/sidwaya-pub.jpg\" alt=\"\" width=\"720\" height=\"90\"\/><\/div>\n<p>Auteur: BM. Sidwaya<br \/>\n<a href=\"https:\/\/www.sidwaya.info\/blog\/2019\/03\/19\/primature-une-delegation-du-conseil-constitutionnel-chez-christophe-dabire\/\">Cliquez ici pour lire l&rsquo;article depuis sa source.<\/a><\/p>\n","protected":false},"excerpt":{"rendered":"<p>Le Premier ministre, Christophe Joseph Marie Dabir\u00e9, a re\u00e7u le mardi 19 mars 2019 \u00e0 Ouagadougou, le pr\u00e9sident du conseil constitutionnel, Kassoum Kambou. Une d\u00e9l\u00e9gation du Conseil constitutionnel, conduite par son pr\u00e9sident, Kassoum Kambou, a \u00e9t\u00e9 re\u00e7ue par le Premier ministre, Christophe Joseph Marie Dabir\u00e9, hier 19 mars \u00e0 Ouagadougou. Apr\u00e8s trois quarts d\u2019heure d\u2019\u00e9changes [&hellip;]<\/p>\n","protected":false},"author":1816,"featured_media":0,"comment_status":"closed","ping_status":"closed","sticky":false,"template":"","format":"standard","meta":{"fifu_image_url":"","fifu_image_alt":"","footnotes":""},"categories":[73,81],"tags":[],"class_list":["post-22903","post","type-post","status-publish","format-standard","hentry","category-actualite","category-burkina-faso"],"_links":{"self":[{"href":"https:\/\/linitiative.ca\/International\/wp-json\/wp\/v2\/posts\/22903","targetHints":{"allow":["GET"]}}],"collection":[{"href":"https:\/\/linitiative.ca\/International\/wp-json\/wp\/v2\/posts"}],"about":[{"href":"https:\/\/linitiative.ca\/International\/wp-json\/wp\/v2\/types\/post"}],"author":[{"embeddable":true,"href":"https:\/\/linitiative.ca\/International\/wp-json\/wp\/v2\/users\/1816"}],"replies":[{"embeddable":true,"href":"https:\/\/linitiative.ca\/International\/wp-json\/wp\/v2\/comments?post=22903"}],"version-history":[{"count":0,"href":"https:\/\/linitiative.ca\/International\/wp-json\/wp\/v2\/posts\/22903\/revisions"}],"wp:attachment":[{"href":"https:\/\/linitiative.ca\/International\/wp-json\/wp\/v2\/media?parent=22903"}],"wp:term":[{"taxonomy":"category","embeddable":true,"href":"https:\/\/linitiative.ca\/International\/wp-json\/wp\/v2\/categories?post=22903"},{"taxonomy":"post_tag","embeddable":true,"href":"https:\/\/linitiative.ca\/International\/wp-json\/wp\/v2\/tags?post=22903"}],"curies":[{"name":"wp","href":"https:\/\/api.w.org\/{rel}","templated":true}]}}