{"id":22909,"date":"2019-03-19T13:13:47","date_gmt":"2019-03-19T17:13:47","guid":{"rendered":"https:\/\/linitiative.ca\/International\/dechets-electriques-et-electroniques-le-cameroun-compte-recycler-5000-tonnes-par-an\/"},"modified":"2019-03-19T13:13:47","modified_gmt":"2019-03-19T17:13:47","slug":"dechets-electriques-et-electroniques-le-cameroun-compte-recycler-5000-tonnes-par-an","status":"publish","type":"post","link":"https:\/\/linitiative.ca\/International\/dechets-electriques-et-electroniques-le-cameroun-compte-recycler-5000-tonnes-par-an\/","title":{"rendered":"D\u00e9chets \u00e9lectriques et \u00e9lectroniques: le Cameroun compte recycler 5000 tonnes par an"},"content":{"rendered":"<div readability=\"32\">\n<p>Publi\u00e9 le 19.03.2019 \u00e0 18h13 par Laura Mbock (Stagiaire)<\/p>\n<\/div>\n<div readability=\"78\">\n<h2>L\u2019inauguration de la premi\u00e8re ann\u00e9e d\u2019ex\u00e9cution du projet Weeecam s\u2019est d\u00e9roul\u00e9e ce 19 mars. Le projet en cours au Cameroun, vise au recyclage et \u00e0 la valorisation des d\u00e9chets d\u2019appareils \u00e9lectroniques. La c\u00e9r\u00e9monie a eu lieu \u00e0 Yaound\u00e9.<\/h2>\n<p>Assainir le milieu de vie des populations urbaines par la collecte et la valorisation des d\u00e9chets d\u2019\u00e9quipements \u00e9lectriques et \u00e9lectroniques, est un projet d\u00e9j\u00e0 en cours au Cameroun.<\/p>\n<p>L\u2019initiative Weeecam ou recyclage des d\u00e9chets d\u2019\u00e9quipements \u00e9lectriques et \u00e9lectroniques (D3E) est port\u00e9 par les Organisations non gouvernementales La Guilde et La Solidarit\u00e9 technologique. Elle a \u00e9t\u00e9 lanc\u00e9e l\u2019ann\u00e9e derni\u00e8re et le projet est unique sur le continent africain.<\/p>\n<p><strong>Une aubaine pour le Cameroun<\/strong><\/p>\n<p>Sur le plan \u00e9conomique, Weeecam pr\u00e9voit de cr\u00e9er 157 emplois et d\u2019op\u00e9rer des transferts de technologie. De plus, sur le plan environnemental, il compte recycler 5000 tonnes de d\u00e9chets de ce type par an et en traiter environ 3900 tonnes localement. Pour le ministre de l\u2019Environnement, du D\u00e9veloppement durable et de la Protection de la nature, Pierre Hele: \u00abce projet nous permettra de g\u00e9rer de fa\u00e7on rationnelle notre production de d\u00e9chets \u00e9lectriques (\u2026) une situation davantage d\u2019int\u00e9r\u00eat aupr\u00e8s du secteur informel\u00bb.<\/p>\n<p>Sur le plan social, Weecam permettra d\u2019avoir sur le march\u00e9 des milliers d\u2019appareils reconditionn\u00e9s \u00e0 bas co\u00fbt ce qui contribuera \u00e0 r\u00e9duire la fracture num\u00e9rique observ\u00e9e dans le pays, dans le domaine des TIC.<\/p>\n<p><ins data-revive-zoneid=\"9\" data-revive-id=\"10111e19d28d19d031742ee3b0b33eb0\"\/> <\/p>\n<p>Le projet des deux Ong aborde plusieurs probl\u00e9matiques de d\u00e9veloppement: l\u2019\u00e9conomie num\u00e9rique, le d\u00e9veloppement urbain, l\u2019\u00e9lectrification rurale.<\/p>\n<p>En 2011, avec l\u2019appui de la coop\u00e9ration fran\u00e7aise et de l\u2019Ong La Guilde, La Solidarit\u00e9 technologique cr\u00e9e le premier centre de recyclage des D3E d\u2019Afrique centrale dont le si\u00e8ge est \u00e0 Yaound\u00e9. Le recyclage des d\u00e9chets \u00e9lectriques et \u00e9lectroniques proprement dit commence en 2013, dans certaines entreprises de la place.<\/p>\n<p>Le projet des deux associations envisage au Cameroun, la construction d\u2019une usine de 2500 m<sup>2<\/sup> \u00e0 Douala, l\u2019ouverture progressive de 12 points de collecte \u00e0 Douala et Yaound\u00e9. En rappel, le Cameroun de concert avec la communaut\u00e9 internationale c\u00e9l\u00e9brait le 18 mars, la journ\u00e9e mondiale du recyclage.<\/p>\n<\/div>\n<p>Auteur: nadine laure guepi kenfack<br \/>\n<a href=\"https:\/\/www.journalducameroun.com\/fr\/dechets-electriques-et-electroniques-le-cameroun-compte-recycler-5000-tonnes-par-an\/\">Cliquez ici pour lire l&rsquo;article depuis sa source.<\/a><\/p>\n","protected":false},"excerpt":{"rendered":"<p>Publi\u00e9 le 19.03.2019 \u00e0 18h13 par Laura Mbock (Stagiaire) L\u2019inauguration de la premi\u00e8re ann\u00e9e d\u2019ex\u00e9cution du projet Weeecam s\u2019est d\u00e9roul\u00e9e ce 19 mars. Le projet en cours au Cameroun, vise au recyclage et \u00e0 la valorisation des d\u00e9chets d\u2019appareils \u00e9lectroniques. La c\u00e9r\u00e9monie a eu lieu \u00e0 Yaound\u00e9. Assainir le milieu de vie des populations urbaines [&hellip;]<\/p>\n","protected":false},"author":1965,"featured_media":0,"comment_status":"closed","ping_status":"closed","sticky":false,"template":"","format":"standard","meta":{"fifu_image_url":"","fifu_image_alt":"","footnotes":""},"categories":[73,82],"tags":[],"class_list":["post-22909","post","type-post","status-publish","format-standard","hentry","category-actualite","category-cameroun"],"_links":{"self":[{"href":"https:\/\/linitiative.ca\/International\/wp-json\/wp\/v2\/posts\/22909","targetHints":{"allow":["GET"]}}],"collection":[{"href":"https:\/\/linitiative.ca\/International\/wp-json\/wp\/v2\/posts"}],"about":[{"href":"https:\/\/linitiative.ca\/International\/wp-json\/wp\/v2\/types\/post"}],"author":[{"embeddable":true,"href":"https:\/\/linitiative.ca\/International\/wp-json\/wp\/v2\/users\/1965"}],"replies":[{"embeddable":true,"href":"https:\/\/linitiative.ca\/International\/wp-json\/wp\/v2\/comments?post=22909"}],"version-history":[{"count":0,"href":"https:\/\/linitiative.ca\/International\/wp-json\/wp\/v2\/posts\/22909\/revisions"}],"wp:attachment":[{"href":"https:\/\/linitiative.ca\/International\/wp-json\/wp\/v2\/media?parent=22909"}],"wp:term":[{"taxonomy":"category","embeddable":true,"href":"https:\/\/linitiative.ca\/International\/wp-json\/wp\/v2\/categories?post=22909"},{"taxonomy":"post_tag","embeddable":true,"href":"https:\/\/linitiative.ca\/International\/wp-json\/wp\/v2\/tags?post=22909"}],"curies":[{"name":"wp","href":"https:\/\/api.w.org\/{rel}","templated":true}]}}