{"id":22911,"date":"2019-03-19T13:50:03","date_gmt":"2019-03-19T17:50:03","guid":{"rendered":"https:\/\/linitiative.ca\/International\/lage-des-candidats-a-la-maison-blanche-en-question\/"},"modified":"2019-03-19T13:50:03","modified_gmt":"2019-03-19T17:50:03","slug":"lage-des-candidats-a-la-maison-blanche-en-question","status":"publish","type":"post","link":"https:\/\/linitiative.ca\/International\/lage-des-candidats-a-la-maison-blanche-en-question\/","title":{"rendered":"L\u2019\u00e2ge des candidats \u00e0 la Maison Blanche en question"},"content":{"rendered":"<div readability=\"32\">\n<p>Publi\u00e9 le 19.03.2019 \u00e0 18h50 par AFP<\/p>\n<\/div>\n<div readability=\"155\">\n<p>Avec un trio de septuag\u00e9naires en t\u00eate des sondages pour l\u2019\u00e9lection pr\u00e9sidentielle de 2020 et une meute de jeunes loups \u00e0 l\u2019aff\u00fbt, les \u00e9lecteurs am\u00e9ricains doivent r\u00e9pondre \u00e0 la question in\u00e9vitable de l\u2019\u00e2ge du prochain locataire de la Maison Blanche.<\/p>\n<p>Donald Trump, qui brigue un second mandat, aura 74 ans \u00e0 l\u2019investiture du prochain pr\u00e9sident en janvier 2021, apr\u00e8s avoir \u00e9t\u00e9 le candidat le plus \u00e2g\u00e9 \u00e0 \u00eatre \u00e9lu.<\/p>\n<p>En 2016, il avait lui-m\u00eame utilis\u00e9 l\u2019argument contre Hillary Clinton, un an plus jeune, estimant qu\u2019elle manquait \u00ab\u00a0d\u2019\u00e9nergie physique et mentale\u00a0\u00bb.<\/p>\n<p>C\u00f4t\u00e9 d\u00e9mocrates, les deux actuels favoris des sondages seront encore plus vieux: 79 pour le s\u00e9nateur lib\u00e9ral Bernie Sanders, 78 pour l\u2019ancien vice-pr\u00e9sident Joe Biden, qui doit encore confirmer sa candidature.<\/p>\n<p>Loin derri\u00e8re eux, d\u2019autres pr\u00e9tendants se d\u00e9marquent au contraire par leur jeunesse: Tulsi Gabbard et Pete Buttigieg (37 ans), Julian Castro (44 ans) et Cory Booker (49 ans).<\/p>\n<p>\u2013 Exp\u00e9rience contre \u00e9nergie \u2013<\/p>\n<p>La coqueluche des m\u00e9dias, Beto O\u2019Rourke (46 ans), a \u00e9tal\u00e9 ses qualit\u00e9s athl\u00e9tiques samedi en participant \u00e0 une course \u00e0 pied de 5 kilom\u00e8tres dans l\u2019Iowa, o\u00f9 il a entam\u00e9 une campagne d\u00e9bordante d\u2019\u00e9nergie pour l\u2019investiture d\u00e9mocrate.<\/p>\n<p>C\u00f4t\u00e9 d\u00e9mocrate, l\u2019Histoire a montr\u00e9 que la pr\u00e9sidentielle souriait aux candidats dans la fleur de l\u2019\u00e2ge: Harry Truman fut le seul candidat de plus de 55 ans \u00e0 \u00eatre \u00e9lu \u00e0 la Maison Blanche, en 1948.<\/p>\n<p>Joe Biden et Bernie Sanders revendiquent leur exp\u00e9rience dans les arcanes de Washington, d\u00e9noncent les pr\u00e9jug\u00e9s anti-personnes \u00e2g\u00e9es et assurent encore d\u00e9border d\u2019\u00e9nergie.<\/p>\n<p>Pour Bernie Sanders, les \u00e9lecteurs ne doivent pas choisir leur candidat sur la base \u00ab\u00a0de son orientation sexuelle, de son sexe ou de son \u00e2ge\u00a0\u00bb, m\u00eame s\u2019il s\u2019est r\u00e9cemment entaill\u00e9 la t\u00eate en glissant dans sa douche.<\/p>\n<p>Et, comme il y a quatre ans, quand il avait tenu l\u2019Am\u00e9rique en haleine pendant la primaire d\u00e9mocrate, ses partisans sont d\u2019accord.<\/p>\n<p>\u00ab\u00a0Son \u00e2ge n\u2019est pas important, je n\u2019ai pas de raison de penser qu\u2019il n\u2019est pas en bonne sant\u00e9\u00a0\u00bb, dit \u00e0 l\u2019AFP Garrick Dodson, qui aura 18 ans l\u2019ann\u00e9e prochaine.<\/p>\n<p><ins data-revive-zoneid=\"9\" data-revive-id=\"10111e19d28d19d031742ee3b0b33eb0\"\/> <\/p>\n<p>Il fait partie des nombreux \u00ab\u00a0Millenials\u00a0\u00bb attir\u00e9s par le programme r\u00e9solument \u00e0 gauche de M. Sanders, qui a selon lui \u00ab\u00a0inspir\u00e9 toute une g\u00e9n\u00e9ration de jeunes\u00a0\u00bb en 2016.<\/p>\n<p>\u00ab\u00a0J\u2019adore Bernie Sanders et je voterai pour lui quoiqu\u2019il arrive\u00a0\u00bb, ajoute le jeune homme.<\/p>\n<p>En face, M. Trump d\u00e9sesp\u00e8re les nutritionnistes avec son app\u00e9tit pour les hamburgers et le coca light. Mais il fait du golf, ne fume pas et ne boit pas d\u2019alcool. En f\u00e9vrier, le m\u00e9decin de la Maison Blanche l\u2019a d\u00e9clar\u00e9 \u00ab\u00a0en tr\u00e8s bonne sant\u00e9\u00a0\u00bb et assur\u00e9 \u00ab\u00a0qu\u2019il en sera ainsi le temps de son mandat et au-del\u00e0\u00a0\u00bb.<\/p>\n<p>Ses d\u00e9tracteurs se disent pourtant inquiets de sa sant\u00e9 mentale, en soulignant son usage erratique de Twitter. George Conway, mari de Kellyanne, conseill\u00e8re sp\u00e9ciale du pr\u00e9sident, a affirm\u00e9 que \u00ab\u00a0son \u00e9tat se d\u00e9t\u00e9riorait\u00a0\u00bb, une all\u00e9gation fermement d\u00e9mentie par la Maison Blanche.<\/p>\n<p>\u2013 \u00ab\u00a0Plus difficile\u00a0\u00bb \u00e0 80 ans \u2013<\/p>\n<p>L\u2019\u00e2ge n\u2019est pas un obstacle dans la politique am\u00e9ricaine. La pr\u00e9sidente d\u00e9mocrate de la Chambre des repr\u00e9sentants, Nancy Pelosi, reste \u00e0 79 ans une formidable meneuse de troupe. Au S\u00e9nat, son homologue r\u00e9publicain Mitch McConnell est \u00e0 77 ans un ma\u00eetre tacticien.<\/p>\n<p>Mais le d\u00e9clin est in\u00e9vitable, surtout \u00e0 partir de 80 ans quand les signes de s\u00e9nilit\u00e9 se font plus courants, estime Eric De Jonge, directeur du service de g\u00e9riatrie \u00e0 l\u2019h\u00f4pital universitaire de Washington.<\/p>\n<p>\u00ab\u00a0Des journ\u00e9es ext\u00e9nuantes de 16 ou 18 heures pendant la campagne sont plus difficiles \u00e0 80 ans qu\u2019\u00e0 50\u00a0\u00bb, dit \u00e0 l\u2019AFP M. De Jonge.<\/p>\n<p>\u00ab\u00a0Mais \u00e7a ne veut pas dire qu\u2019on ne peut pas avoir un candidat g\u00e9nial de 75 ans\u00a0\u00bb et \u00ab\u00a0les gens vont se dire +ce gars tient le rythme, bravo+\u00a0\u00bb, ajoute-t-il.<\/p>\n<p>La campagne peut toutefois \u00ab\u00a0aussi r\u00e9v\u00e9ler certains sympt\u00f4mes inqui\u00e9tants pour les \u00e9lecteurs\u00a0\u00bb, pr\u00e9cise le sp\u00e9cialiste.<\/p>\n<p>Pour les candidats septuag\u00e9naires, la question de la r\u00e9gression physique et intellectuelle ne devrait devenir un probl\u00e8me que dans le cas d\u2019un second mandat, estime-t-il.<\/p>\n<\/div>\n<p>Auteur: AFP<br \/>\n<a href=\"https:\/\/www.journalducameroun.com\/fr\/lage-des-candidats-a-la-maison-blanche-en-question\/\">Cliquez ici pour lire l&rsquo;article depuis sa source.<\/a><\/p>\n","protected":false},"excerpt":{"rendered":"<p>Publi\u00e9 le 19.03.2019 \u00e0 18h50 par AFP Avec un trio de septuag\u00e9naires en t\u00eate des sondages pour l\u2019\u00e9lection pr\u00e9sidentielle de 2020 et une meute de jeunes loups \u00e0 l\u2019aff\u00fbt, les \u00e9lecteurs am\u00e9ricains doivent r\u00e9pondre \u00e0 la question in\u00e9vitable de l\u2019\u00e2ge du prochain locataire de la Maison Blanche. Donald Trump, qui brigue un second mandat, aura [&hellip;]<\/p>\n","protected":false},"author":1965,"featured_media":0,"comment_status":"closed","ping_status":"closed","sticky":false,"template":"","format":"standard","meta":{"fifu_image_url":"","fifu_image_alt":"","footnotes":""},"categories":[73,82],"tags":[],"class_list":["post-22911","post","type-post","status-publish","format-standard","hentry","category-actualite","category-cameroun"],"_links":{"self":[{"href":"https:\/\/linitiative.ca\/International\/wp-json\/wp\/v2\/posts\/22911","targetHints":{"allow":["GET"]}}],"collection":[{"href":"https:\/\/linitiative.ca\/International\/wp-json\/wp\/v2\/posts"}],"about":[{"href":"https:\/\/linitiative.ca\/International\/wp-json\/wp\/v2\/types\/post"}],"author":[{"embeddable":true,"href":"https:\/\/linitiative.ca\/International\/wp-json\/wp\/v2\/users\/1965"}],"replies":[{"embeddable":true,"href":"https:\/\/linitiative.ca\/International\/wp-json\/wp\/v2\/comments?post=22911"}],"version-history":[{"count":0,"href":"https:\/\/linitiative.ca\/International\/wp-json\/wp\/v2\/posts\/22911\/revisions"}],"wp:attachment":[{"href":"https:\/\/linitiative.ca\/International\/wp-json\/wp\/v2\/media?parent=22911"}],"wp:term":[{"taxonomy":"category","embeddable":true,"href":"https:\/\/linitiative.ca\/International\/wp-json\/wp\/v2\/categories?post=22911"},{"taxonomy":"post_tag","embeddable":true,"href":"https:\/\/linitiative.ca\/International\/wp-json\/wp\/v2\/tags?post=22911"}],"curies":[{"name":"wp","href":"https:\/\/api.w.org\/{rel}","templated":true}]}}