{"id":22936,"date":"2019-03-19T03:00:58","date_gmt":"2019-03-19T07:00:58","guid":{"rendered":"https:\/\/linitiative.ca\/International\/comice-debolowa-2011-flou-autour-des-financements-accordes-a-assoo-emane-et-jean-mendoua\/"},"modified":"2019-03-19T03:00:58","modified_gmt":"2019-03-19T07:00:58","slug":"comice-debolowa-2011-flou-autour-des-financements-accordes-a-assoo-emane-et-jean-mendoua","status":"publish","type":"post","link":"https:\/\/linitiative.ca\/International\/comice-debolowa-2011-flou-autour-des-financements-accordes-a-assoo-emane-et-jean-mendoua\/","title":{"rendered":"Comice d\u2019Ebolowa 2011: flou autour des financements accord\u00e9s \u00e0 Asso\u2019o Emane et Jean Mendoua"},"content":{"rendered":"<p>Depuis le d\u00e9part de <strong>Louis Paul Motaze<\/strong> du Secr\u00e9tariat g\u00e9n\u00e9ral des services du Premier ministre, le 02 octobre 2015 pour le minist\u00e8re de l\u2019Economie, de la Planification et de l\u2019Am\u00e9nagement du territoire (<strong>Minepa<\/strong>t), on n\u2019a plus entendu parler du comit\u00e9 interminist\u00e9riel charg\u00e9 du suivi des activit\u00e9s et du r\u00e8glement des probl\u00e8mes pendants du <strong>comice d\u2019Ebolowa 2011<\/strong>. Cette instance qu\u2019il avait mise sur pied moins d\u2019un mois plus t\u00f4t, le 21 septembre 2015, devait assurer le suivi des projets du comice toujours en cours d\u2019ex\u00e9cution dans la ville chef-lieu de la r\u00e9gion du Sud, le suivi de la mise en \u0153uvre des grandes recommandations du comice, \u00e0 l\u2019instar du passage \u00e0 l\u2019agriculture de seconde g\u00e9n\u00e9ration, de l\u2019examen des projets pendants de cette f\u00eate du monde rural, et surtout suivi des op\u00e9rations de remboursement des pr\u00eats consentis par l\u2019Etat \u00e0 certains partenaires dans la cadre de l\u2019organisation du comice.<\/p>\n<hr\/>\n<h4><strong>>> Lire aussi \u2013 <a title=\"Scandale immobilier: ces privil\u00e9gi\u00e9s de l\u2019Etat\" href=\"https:\/\/ecomatin.net\/scandale-immobilier-les-privilegies-de-letat\/\" target=\"_blank\" rel=\"noopener noreferrer\">Scandale immobilier: ces privil\u00e9gi\u00e9s de l\u2019Etat<\/a><br \/><\/strong><\/h4>\n<hr\/>\n<p>Le gouvernement avait en effet d\u00e9bloqu\u00e9 des fonds en faveur des projets de construction des h\u00f4tels \u00ab <strong><em>Le Ranch \u00bb et \u00ab Florence<\/em><\/strong> \u00bb d\u2019Ebolowa, qui appartiennent respectivement aux g\u00e9n\u00e9raux de l\u2019arm\u00e9e <strong>Beno\u00eet Asso\u2019o Emane<\/strong> et <strong>Jean Mendoua<\/strong>, tous les deux originaires de la r\u00e9gion du Sud. Le gouvernement a toujours entretenu le flou autour du montant de ces financements. Et, toutes les tentatives en vue de savoir si ces pr\u00eats ont \u00e9t\u00e9 rembours\u00e9s \u00e0 l\u2019Etat du Cameroun par les deux officiers g\u00e9n\u00e9raux sont demeur\u00e9es vaines. Le comit\u00e9 interminist\u00e9riel, log\u00e9 au sein des services du Premier ministre et pr\u00e9sid\u00e9 par <strong>Sali Ballo<\/strong>, attach\u00e9 au secr\u00e9tariat g\u00e9n\u00e9ral desdits services, est aujourd\u2019hui sans nouvelles. Il avait pour membres trois repr\u00e9sentants des services du Pm, du Contr\u00f4le sup\u00e9rieur de l\u2019Etat, des repr\u00e9sentants du minist\u00e8re du Tourisme et des loisirs, du minist\u00e8re de l\u2019Economie, du minist\u00e8re des Finances, du minist\u00e8re de l\u2019Agriculture, du minist\u00e8re de l\u2019Elevage, de repr\u00e9sentants de la Soci\u00e9t\u00e9 nationale d\u2019investissement et des promoteurs des h\u00f4tels cit\u00e9s supra.<\/p>\n<hr\/>\n<h4><strong>>> Lire aussi \u2013 <a title=\"Scandale des logements de Mbanga Bakoko: Jean Claue Mbwentchou au secours de Brigitte Soppo Ngalle\" href=\"https:\/\/ecomatin.net\/affaire-des-180-logements-de-mbanga-bakoko-le-gouvernement-au-secours-de-brigitte-soppo-ngalle\/\" target=\"_blank\" rel=\"noopener noreferrer\">Scandale des logements de Mbanga Bakoko: Jean Claue Mbwentchou au secours de Brigitte Soppo Ngalle<\/a><br \/><\/strong><\/h4>\n<hr\/>\n<p>Ce comit\u00e9\u00a0 devait, en trois ans, adresser un rapport final d\u2019activit\u00e9s au Premier ministre. En clair, ce document devait \u00eatre sur la table du chef du gouvernement au plus tard <strong>le 21 septembre 2018<\/strong>. Devenu ministre des Finances depuis le <strong>03 mars 2018<\/strong>, Louis Paul Motaze, qui a transit\u00e9 par le minist\u00e8re de l\u2019Economie, de la Planification et de l\u2019Am\u00e9nagement du territoire, a depuis perdu la main sur ce dossier. C\u2019est un dossier qui devait int\u00e9resser le nouveau Premier ministre, <strong>Joseph Dion Ngute<\/strong>.<\/p>\n<div class=\"about-author about-author-box container-wrapper\">\n<div class=\"author-avatar\">\n<p><img decoding=\"async\" src=\"http:\/\/\" alt=\"\"\/><\/p>\n<\/div>\n<p><h4>La R\u00e9daction EcoMatin<\/h4>\n<\/p>\n<\/div>\n<div class=\"awac-wrapper awac widget blog_subscription-2\">\n<h4 class=\"widget-title\">Abonnez-vous \u00e0 notre lettre d&rsquo;information<\/h4>\n<\/div>\n<p>Auteur: EcoMatin<br \/>\n<a href=\"https:\/\/ecomatin.net\/comice-debolowa-2011-flou-autour-des-financements-accordes-a-assoo-emane-et-jean-mendoua\/\">Cliquez ici pour lire l&rsquo;article depuis sa source.<\/a><\/p>\n","protected":false},"excerpt":{"rendered":"<p>Depuis le d\u00e9part de Louis Paul Motaze du Secr\u00e9tariat g\u00e9n\u00e9ral des services du Premier ministre, le 02 octobre 2015 pour le minist\u00e8re de l\u2019Economie, de la Planification et de l\u2019Am\u00e9nagement du territoire (Minepat), on n\u2019a plus entendu parler du comit\u00e9 interminist\u00e9riel charg\u00e9 du suivi des activit\u00e9s et du r\u00e8glement des probl\u00e8mes pendants du comice d\u2019Ebolowa [&hellip;]<\/p>\n","protected":false},"author":1969,"featured_media":0,"comment_status":"closed","ping_status":"closed","sticky":false,"template":"","format":"standard","meta":{"fifu_image_url":"","fifu_image_alt":"","footnotes":""},"categories":[82,78],"tags":[],"class_list":["post-22936","post","type-post","status-publish","format-standard","hentry","category-cameroun","category-economie"],"_links":{"self":[{"href":"https:\/\/linitiative.ca\/International\/wp-json\/wp\/v2\/posts\/22936","targetHints":{"allow":["GET"]}}],"collection":[{"href":"https:\/\/linitiative.ca\/International\/wp-json\/wp\/v2\/posts"}],"about":[{"href":"https:\/\/linitiative.ca\/International\/wp-json\/wp\/v2\/types\/post"}],"author":[{"embeddable":true,"href":"https:\/\/linitiative.ca\/International\/wp-json\/wp\/v2\/users\/1969"}],"replies":[{"embeddable":true,"href":"https:\/\/linitiative.ca\/International\/wp-json\/wp\/v2\/comments?post=22936"}],"version-history":[{"count":0,"href":"https:\/\/linitiative.ca\/International\/wp-json\/wp\/v2\/posts\/22936\/revisions"}],"wp:attachment":[{"href":"https:\/\/linitiative.ca\/International\/wp-json\/wp\/v2\/media?parent=22936"}],"wp:term":[{"taxonomy":"category","embeddable":true,"href":"https:\/\/linitiative.ca\/International\/wp-json\/wp\/v2\/categories?post=22936"},{"taxonomy":"post_tag","embeddable":true,"href":"https:\/\/linitiative.ca\/International\/wp-json\/wp\/v2\/tags?post=22936"}],"curies":[{"name":"wp","href":"https:\/\/api.w.org\/{rel}","templated":true}]}}