{"id":22937,"date":"2019-03-19T14:26:43","date_gmt":"2019-03-19T18:26:43","guid":{"rendered":"https:\/\/linitiative.ca\/International\/telecoms-trois-anciens-cadres-de-mtn-recrutes-a-camtel\/"},"modified":"2019-03-19T14:26:43","modified_gmt":"2019-03-19T18:26:43","slug":"telecoms-trois-anciens-cadres-de-mtn-recrutes-a-camtel","status":"publish","type":"post","link":"https:\/\/linitiative.ca\/International\/telecoms-trois-anciens-cadres-de-mtn-recrutes-a-camtel\/","title":{"rendered":"T\u00e9l\u00e9coms: Trois anciens cadres de MTN recrut\u00e9s \u00e0 Camtel"},"content":{"rendered":"<p>Lors du conseil d\u2019administration du 11 mars dernier, 07 nouveaux hommes \u00e0 la t\u00eate de certains services de la Cameroon Telecommunications\u00a0\u00a0(<strong>Camtel<\/strong>) pour relancer ses performances.\u00a0\u00a0Parmi ceux-ci,\u00a0<strong>03<\/strong>\u00a0anciens cadres de MTN, \u00e0 savoir,\u00a0<strong>Georges Mpoudi Ngole<\/strong>, nouveau directeur des r\u00e9seaux IP et ancien directeur des services informatiques de\u00a0<strong>MTN Cameroon<\/strong>\u00a0puis DG de la branche\u00a0<strong>MTN Business<\/strong>\u00a0jusqu\u2019\u00e0 son d\u00e9part en mars 2018 ;\u00a0<strong>Christian Gilbert Ngono Onguene<\/strong>, nomm\u00e9 directeur des Infrastructures apr\u00e8s 13 ans de service \u00e0 MTN Cameroon provenant de Camtel qu\u2019il avait quitt\u00e9 en 2001 ; et\u00a0<strong>L\u00e9on Jean Blaise Ottou Bounougou<\/strong>, le nouveau directeur commercial qui a \u00e9t\u00e9 Regional Dealers Sales Supervisor \u00e0 MTN Cameroon dans la r\u00e9gion du Sud-Ouest.<\/p>\n<p>En ce qui concerne les recrues d\u2019ailleurs,\u00a0<strong>Claude Bouli Belobo<\/strong>\u00a0assurera la direction de la Planification et des projets. C\u2019est un ancien du\u00a0<strong>Feicom<\/strong>\u00a0o\u00f9 durant\u00a0<strong>15 ans<\/strong>\u00a0il a \u00e9t\u00e9 directeur de la cellule Strat\u00e9gie et Qualit\u00e9. Il a quitt\u00e9 ce Fonds sp\u00e9cial d\u2019\u00e9quipement des communes en 2014.\u00a0<strong>Robert Zintsem<\/strong>\u00a0op\u00e8rera en tant que nouveau chef de la division de l\u2019Audit et du Management des risques, et\u00a0<strong>Francis Sone Mbong et Suzane Ebiketie<\/strong>, nouveaux charg\u00e9s d\u2019\u00e9tudes dans les services de la s\u00e9curit\u00e9.\u00a0Ce sont les premi\u00e8res nominations sous le r\u00e8gne de Judith\u00a0<strong>Yah Sunday<\/strong>, la nouvelle directrice g\u00e9n\u00e9rale qui, en un mois, avait limog\u00e9 une centaine d\u2019employ\u00e9s lors de son op\u00e9ration d\u2019assainissement de l\u2019entreprise.<\/p>\n<blockquote readability=\"6\">\n<p>Camtel pourrait quintupler ses revenus sur ce cr\u00e9neau si l\u2019entreprise disposait d\u2019une strat\u00e9gie robuste<\/p>\n<\/blockquote>\n<p>Ces nominations qui surviennent donc dans un contexte socio-\u00e9conomique particulier et surtout marqu\u00e9 par une certaine incapacit\u00e9 de Camtel \u00e0 profiter de ses ressources de mani\u00e8re optimale, du fait d\u2019une approche commerciale d\u00e9faillante, font dire \u00e0 certains observateurs que ces d\u00e9bauchages particuliers pourraient donner un nouveau souffle et de nouvelles performances \u00e0 cet op\u00e9rateur dont les activit\u00e9s telcos battent de l\u2019aile face \u00e0 ses concurrents que sont\u00a0<strong>MTN<\/strong>\u00a0(leader des op\u00e9rateurs mobiles),<strong>Orange<\/strong> et <strong>Nextell<\/strong><\/p>\n<p>Il revient de ce fait \u00e0 ces derniers de relever les diff\u00e9rents d\u00e9fis qui les attendent au sein de cette structure. Parmi ceux-ci, il y a par exemple,\u00a0la n\u00e9cessit\u00e9 de mettre en place une approche commerciale plus conqu\u00e9rante. Avec son r\u00e9seau en fibre optique, Camtel pourrait quintupler ses revenus sur ce cr\u00e9neau si l\u2019entreprise disposait d\u2019une strat\u00e9gie robuste. Mais elle est en retard par rapport aux \u00e9normes besoins du pays en mati\u00e8re de technologies de l\u2019information, souffle-t-on. Autre d\u00e9fi et non des moindres qui attend les nouveaux responsables de Camtel, c\u2019est son entr\u00e9e dans les univers tr\u00e8s lucratifs de la t\u00e9l\u00e9phonie mobile, le mobile money et du mobile banking. L\u2019on se souvient que Camtel qui voulait aussi se lancer sur le front de la t\u00e9l\u00e9phonie mobile avait obtenu une licence en 2014. Mais le d\u00e9marrage de cette activit\u00e9, pr\u00e9vu en 2016, a \u00e9t\u00e9 emp\u00each\u00e9 par des difficult\u00e9s \u00e0 mobiliser les fonds n\u00e9cessaires, l\u2019incapacit\u00e9 \u00e0 trouver un partenaire strat\u00e9gique et, surtout, l\u2019absence de l\u2019accord, indispensable, du minist\u00e8re des Finances, qui exige pour ce faire un droit d\u2019entr\u00e9e.<\/p>\n<p><strong><u>Source<\/u><\/strong>\u00a0:\u00a0<em>Digital Business Africa<\/em><\/p>\n<div class=\"about-author about-author-box container-wrapper\">\n<div class=\"author-avatar\">\n<p><img decoding=\"async\" src=\"http:\/\/\" alt=\"\"\/><\/p>\n<\/div>\n<p><h4>La R\u00e9daction EcoMatin<\/h4>\n<\/p>\n<\/div>\n<div class=\"awac-wrapper awac widget blog_subscription-2\">\n<h4 class=\"widget-title\">Abonnez-vous \u00e0 notre lettre d&rsquo;information<\/h4>\n<\/div>\n<p>Auteur: EcoMatin<br \/>\n<a href=\"https:\/\/ecomatin.net\/telecoms-trois-anciens-cadres-de-mtn-recrutes-a-camtel\/\">Cliquez ici pour lire l&rsquo;article depuis sa source.<\/a><\/p>\n","protected":false},"excerpt":{"rendered":"<p>Lors du conseil d\u2019administration du 11 mars dernier, 07 nouveaux hommes \u00e0 la t\u00eate de certains services de la Cameroon Telecommunications\u00a0\u00a0(Camtel) pour relancer ses performances.\u00a0\u00a0Parmi ceux-ci,\u00a003\u00a0anciens cadres de MTN, \u00e0 savoir,\u00a0Georges Mpoudi Ngole, nouveau directeur des r\u00e9seaux IP et ancien directeur des services informatiques de\u00a0MTN Cameroon\u00a0puis DG de la branche\u00a0MTN Business\u00a0jusqu\u2019\u00e0 son d\u00e9part en mars [&hellip;]<\/p>\n","protected":false},"author":1969,"featured_media":0,"comment_status":"closed","ping_status":"closed","sticky":false,"template":"","format":"standard","meta":{"fifu_image_url":"","fifu_image_alt":"","footnotes":""},"categories":[82,78],"tags":[],"class_list":["post-22937","post","type-post","status-publish","format-standard","hentry","category-cameroun","category-economie"],"_links":{"self":[{"href":"https:\/\/linitiative.ca\/International\/wp-json\/wp\/v2\/posts\/22937","targetHints":{"allow":["GET"]}}],"collection":[{"href":"https:\/\/linitiative.ca\/International\/wp-json\/wp\/v2\/posts"}],"about":[{"href":"https:\/\/linitiative.ca\/International\/wp-json\/wp\/v2\/types\/post"}],"author":[{"embeddable":true,"href":"https:\/\/linitiative.ca\/International\/wp-json\/wp\/v2\/users\/1969"}],"replies":[{"embeddable":true,"href":"https:\/\/linitiative.ca\/International\/wp-json\/wp\/v2\/comments?post=22937"}],"version-history":[{"count":0,"href":"https:\/\/linitiative.ca\/International\/wp-json\/wp\/v2\/posts\/22937\/revisions"}],"wp:attachment":[{"href":"https:\/\/linitiative.ca\/International\/wp-json\/wp\/v2\/media?parent=22937"}],"wp:term":[{"taxonomy":"category","embeddable":true,"href":"https:\/\/linitiative.ca\/International\/wp-json\/wp\/v2\/categories?post=22937"},{"taxonomy":"post_tag","embeddable":true,"href":"https:\/\/linitiative.ca\/International\/wp-json\/wp\/v2\/tags?post=22937"}],"curies":[{"name":"wp","href":"https:\/\/api.w.org\/{rel}","templated":true}]}}