{"id":22938,"date":"2019-03-19T14:50:41","date_gmt":"2019-03-19T18:50:41","guid":{"rendered":"https:\/\/linitiative.ca\/International\/digitalisation-lantic-evalue-le-niveau-de-transformation-des-organismes-publics-et-prives\/"},"modified":"2019-03-19T14:50:41","modified_gmt":"2019-03-19T18:50:41","slug":"digitalisation-lantic-evalue-le-niveau-de-transformation-des-organismes-publics-et-prives","status":"publish","type":"post","link":"https:\/\/linitiative.ca\/International\/digitalisation-lantic-evalue-le-niveau-de-transformation-des-organismes-publics-et-prives\/","title":{"rendered":"Digitalisation: l\u2019Antic \u00e9value le niveau de transformation des organismes publics et priv\u00e9s"},"content":{"rendered":"<p>Les avanc\u00e9es sont pourtant notables au Cameroun. Le taux de p\u00e9n\u00e9tration de l\u2019internet est pass\u00e9 de\u00a0<strong>4,3% en 2010<\/strong>\u00a0\u00e0 pr\u00e8s de<strong>35% en 2018<\/strong>, les co\u00fbts d\u2019acc\u00e8s aux terminaux TIC ont \u00e9t\u00e9 r\u00e9duits, et il y a une prolif\u00e9ration des e-services. Malgr\u00e9 cela, certaines administrations, surtout publiques, trainent encore le pas pour effectuer leur transformation digitale. Certaines n\u2019ont m\u00eame pas de site internet, d\u2019autres quand elles en ont, ils ne sont mis r\u00e9guli\u00e8rement mis en jour, malgr\u00e9 les appels incessants du pr\u00e9sident de la R\u00e9publique d\u2019 \u00ab\u00a0<em>int\u00e9grer les progr\u00e8s du num\u00e9rique dans le fonctionnement de nos services publics et de notre \u00e9conomie\u2026\u00a0<\/em>\u00bb. C\u2019est dans ce contexte que l\u2019Agence des Technologies de l\u2019Information et de la Communication (<strong>Antic<\/strong>), bras s\u00e9culier de l\u2019Etat en mati\u00e8re des TIC a entam\u00e9 le 18 mars dernier \u00e0 Yaound\u00e9, un s\u00e9minaire sur l\u2019\u00e9tat des lieux du niveau de transformation\u00a0\u00a0digitale dans les organismes publics et priv\u00e9s, en partenariat avec le minist\u00e8re de l\u2019Enseignement sup\u00e9rieur.<\/p>\n<hr\/>\n<h4><strong>>> Lire aussi \u2013 <a title=\"TIC: la fracture num\u00e9rique persiste toujours\" href=\"https:\/\/ecomatin.net\/tic-la-fracture-numerique-persiste-toujours\/\" target=\"_blank\" rel=\"noopener noreferrer\">TIC: la fracture num\u00e9rique persiste toujours<\/a><br \/><\/strong><\/h4>\n<hr\/>\n<p>Les r\u00e9sultats de cette \u00e9valuation, comme l\u2019a pr\u00e9cis\u00e9 le directeur g\u00e9n\u00e9ral de l\u2019Antic,\u00a0<strong>Ebot Ebot Enaw<\/strong>, \u00e0 l\u2019ouverture de ce s\u00e9minaire, seront pr\u00e9sent\u00e9s au cours d\u2019une conf\u00e9rence internationale que le Cameroun abritera en novembre prochain, sur\u00a0<em>\u00ab ICT development<\/em>\u00a0\u00bb. Une conf\u00e9rence qui verra la participation des experts et chercheurs internationaux sur les probl\u00e9matiques de l\u2019utilisation des TIC, pour le d\u00e9veloppement socio-\u00e9conomique des Etats, et le renforcement des couches d\u00e9favoris\u00e9es. Le s\u00e9minaire qui se tient \u00e0 Yaound\u00e9 est par cons\u00e9quent l\u2019occasion, apprend-on, de doter les participants de connaissances sur la transformation num\u00e9rique, d\u2019une part et, d\u2019autre part,\u00a0d\u2019enclencher le projet de collecte des donn\u00e9es, pour l\u2019\u00e9valuation du niveau de transformation num\u00e9rique de la soci\u00e9t\u00e9 camerounaise dans sa globalit\u00e9.<\/p>\n<hr\/>\n<h4><strong>>> Lire aussi \u2013 <a title=\"Economie num\u00e9rique: un indice pour \u00e9valuer l\u2019usage de l\u2019internet au Cameroun\" href=\"https:\/\/ecomatin.net\/economie-numerique-un-indice-pour-evaluer-lusage-de-linternet-au-cameroun\/\" target=\"_blank\" rel=\"noopener noreferrer\">Economie num\u00e9rique: un indice pour \u00e9valuer l\u2019usage de l\u2019internet au Cameroun<\/a><br \/><\/strong><\/h4>\n<hr\/>\n<p>En rappel, les TIC sont de nos jours un facteur important de croissance \u00e9conomique pour tous les Etats. Elles constituent \u00e9galement un important gisement d\u2019emplois et de ce fait, contribuent \u00e0 la r\u00e9duction du ch\u00f4mage. Par ailleurs, l\u2019industrie des TIC appara\u00eet comme le deuxi\u00e8me pourvoyeur d\u2019imp\u00f4ts au Cameroun, apr\u00e8s les industries p\u00e9troli\u00e8res, selon le DG de l\u2019Antic. Et surtout que dans un contexte mondial marqu\u00e9 par la baisse des cours des mati\u00e8res premi\u00e8res, l\u2019abaissement des barri\u00e8res douani\u00e8res et la globalisation, l\u2019Antic pense qu\u2019il est plus que jamais n\u00e9cessaire de mettre \u00e0 profit le potentiel des TIC, et les capacit\u00e9s des jeunes, pour am\u00e9liorer les performances des entreprises, et par ricochet la comp\u00e9tivit\u00e9 de l\u2019\u00e9conomie camerounaise.<\/p>\n<div class=\"about-author about-author-box container-wrapper\">\n<div class=\"author-avatar\">\n<p><img decoding=\"async\" src=\"http:\/\/\" alt=\"\"\/><\/p>\n<\/div>\n<p><h4>La R\u00e9daction EcoMatin<\/h4>\n<\/p>\n<\/div>\n<div class=\"awac-wrapper awac widget blog_subscription-2\">\n<h4 class=\"widget-title\">Abonnez-vous \u00e0 notre lettre d&rsquo;information<\/h4>\n<\/div>\n<p>Auteur: EcoMatin<br \/>\n<a href=\"https:\/\/ecomatin.net\/digitalisation-lantic-evalue-le-niveau-de-transformation-des-organismes-publics-et-prives\/\">Cliquez ici pour lire l&rsquo;article depuis sa source.<\/a><\/p>\n","protected":false},"excerpt":{"rendered":"<p>Les avanc\u00e9es sont pourtant notables au Cameroun. Le taux de p\u00e9n\u00e9tration de l\u2019internet est pass\u00e9 de\u00a04,3% en 2010\u00a0\u00e0 pr\u00e8s de35% en 2018, les co\u00fbts d\u2019acc\u00e8s aux terminaux TIC ont \u00e9t\u00e9 r\u00e9duits, et il y a une prolif\u00e9ration des e-services. Malgr\u00e9 cela, certaines administrations, surtout publiques, trainent encore le pas pour effectuer leur transformation digitale. Certaines [&hellip;]<\/p>\n","protected":false},"author":1969,"featured_media":0,"comment_status":"closed","ping_status":"closed","sticky":false,"template":"","format":"standard","meta":{"fifu_image_url":"","fifu_image_alt":"","footnotes":""},"categories":[82,78],"tags":[],"class_list":["post-22938","post","type-post","status-publish","format-standard","hentry","category-cameroun","category-economie"],"_links":{"self":[{"href":"https:\/\/linitiative.ca\/International\/wp-json\/wp\/v2\/posts\/22938","targetHints":{"allow":["GET"]}}],"collection":[{"href":"https:\/\/linitiative.ca\/International\/wp-json\/wp\/v2\/posts"}],"about":[{"href":"https:\/\/linitiative.ca\/International\/wp-json\/wp\/v2\/types\/post"}],"author":[{"embeddable":true,"href":"https:\/\/linitiative.ca\/International\/wp-json\/wp\/v2\/users\/1969"}],"replies":[{"embeddable":true,"href":"https:\/\/linitiative.ca\/International\/wp-json\/wp\/v2\/comments?post=22938"}],"version-history":[{"count":0,"href":"https:\/\/linitiative.ca\/International\/wp-json\/wp\/v2\/posts\/22938\/revisions"}],"wp:attachment":[{"href":"https:\/\/linitiative.ca\/International\/wp-json\/wp\/v2\/media?parent=22938"}],"wp:term":[{"taxonomy":"category","embeddable":true,"href":"https:\/\/linitiative.ca\/International\/wp-json\/wp\/v2\/categories?post=22938"},{"taxonomy":"post_tag","embeddable":true,"href":"https:\/\/linitiative.ca\/International\/wp-json\/wp\/v2\/tags?post=22938"}],"curies":[{"name":"wp","href":"https:\/\/api.w.org\/{rel}","templated":true}]}}