{"id":22942,"date":"2019-03-20T10:14:01","date_gmt":"2019-03-20T14:14:01","guid":{"rendered":"https:\/\/linitiative.ca\/International\/initiee-par-sa-fondation-la-cdg-expose-une-retrospective-de-melehi\/"},"modified":"2019-03-20T10:14:01","modified_gmt":"2019-03-20T14:14:01","slug":"initiee-par-sa-fondation-la-cdg-expose-une-retrospective-de-melehi","status":"publish","type":"post","link":"https:\/\/linitiative.ca\/International\/initiee-par-sa-fondation-la-cdg-expose-une-retrospective-de-melehi\/","title":{"rendered":"Initi\u00e9e par sa fondation : La CDG expose une r\u00e9trospective de Melehi"},"content":{"rendered":"<p><img decoding=\"async\" class=\"post_layout_5_img\" src=\"http:\/\/aujourdhui.ma\/wp-content\/uploads\/2019\/03\/Mohamed-Melehi-artiste-peintre.jpg?x29840\" alt=\"Initi\u00e9e par sa fondation : La CDG expose une r\u00e9trospective de Melehi\"\/><\/p>\n<p><span class=\"c4\"><strong>La Fondation CDG organise, du 21 mars au 30 avril, l\u2019exposition \u00ab60 ans de cr\u00e9ation, 60 ans d\u2019innovation\u00bb, dans sa galerie d\u2019art \u00abEspace Expressions\u00bb.<\/strong><\/span><span id=\"more-307686\"\/><\/p>\n<p>Un \u00e9v\u00e9nement initi\u00e9 \u00e0 l\u2019occasion du 60\u00e8me anniversaire de la Caisse de d\u00e9p\u00f4t et de gestion. A propos de cette manifestation, les initiateurs indiquent : \u00abL\u2019exposition nous emporte vers une double \u00e9vocation. Celle du destin extraordinaire de l\u2019un des p\u00e8res de la modernit\u00e9 artistique marocaine et celle de l\u2019histoire de la CDG qui accompagne les grands chantiers structurants du Maroc depuis 1959\u00bb.<\/p>\n<p>Mieux encore, cette exposition, produite par la fondation, est, selon la m\u00eame source, l\u2019une des plus importantes \u00abjamais consacr\u00e9e \u00e0 l\u2019artiste\u00bb. L\u2019\u00e9v\u00e9nement propose \u00e9galement aux visiteurs de d\u00e9couvrir les \u00e9tapes marquantes de sa carri\u00e8re avec la reconstitution de son parcours via des centaines de ses \u0153uvres. Parmi les \u0153uvres expos\u00e9es, le public pourra, selon les initiateurs, d\u00e9couvrir \u00aben avant-premi\u00e8re un tableau sp\u00e9cialement cr\u00e9\u00e9 pour l\u2019anniversaire des 60 ans de la Caisse de D\u00e9p\u00f4t et de gestion\u00bb. Ce n\u2019est pas tout. La Fondation CDG a, de plus, \u00e9dit\u00e9 par l\u2019occasion un livre in\u00e9dit afin de mieux comprendre et d\u00e9couvrir la riche carri\u00e8re de Mohamed Melehi.<\/p>\n<p><a href=\"http:\/\/aujourdhui.ma\/wp-content\/uploads\/2019\/03\/Exposition-Mohamed-Melehi-artiste-peintre.jpg?x29840\"><img loading=\"lazy\" decoding=\"async\" class=\"size-full wp-image-307687 aligncenter\" src=\"http:\/\/aujourdhui.ma\/wp-content\/uploads\/2019\/03\/Exposition-Mohamed-Melehi-artiste-peintre.jpg?x29840\" alt=\"\" width=\"746\" height=\"380\" srcset=\"http:\/\/aujourdhui.ma\/wp-content\/uploads\/2019\/03\/Exposition-Mohamed-Melehi-artiste-peintre.jpg 746w, http:\/\/aujourdhui.ma\/wp-content\/uploads\/2019\/03\/Exposition-Mohamed-Melehi-artiste-peintre-300x153.jpg 300w\" sizes=\"auto, (max-width: 746px) 100vw, 746px\"\/><\/a><\/p>\n<p>Si le choix de la fondation s\u2019est port\u00e9 sur cet artiste, c\u2019est pour, selon ses dires, lui rendre hommage en racontant son histoire mais \u00e9galement celle du Maroc au lendemain de l\u2019ind\u00e9pendance. A propos de l\u2019artiste, la m\u00eame source rappelle que Mohamed Melehi est un artiste peintre marocain n\u00e9 en 1936 \u00e0 Asilah. Il a notamment sillonn\u00e9 l\u2019Espagne, la France, l\u2019Italie et les Etats-Unis puisant ainsi son inspiration en se nourrissant des exp\u00e9riences v\u00e9cues. L\u2019artiste peintre, qualifi\u00e9 de v\u00e9ritable pan du patrimoine artistique marocain, a particip\u00e9 \u00e0 de nombreux projets en enrichissant la sc\u00e8ne culturelle<\/p>\n<p>. Son r\u00f4le au sein du minist\u00e8re de la culture et de l\u2019AMAP (Association marocaine des arts plastiques) en tant que pr\u00e9sident, a particip\u00e9 \u00e0 l\u2019\u00e9mergence et \u00e0 la reconnaissance des artistes marocains.<\/p>\n<p>Auteur: ALM<br \/>\n<a href=\"http:\/\/aujourdhui.ma\/culture\/initiee-par-sa-fondation-la-cdg-expose-une-retrospective-de-melehi\">Cliquez ici pour lire l&rsquo;article depuis sa source.<\/a><\/p>\n","protected":false},"excerpt":{"rendered":"<p>La Fondation CDG organise, du 21 mars au 30 avril, l\u2019exposition \u00ab60 ans de cr\u00e9ation, 60 ans d\u2019innovation\u00bb, dans sa galerie d\u2019art \u00abEspace Expressions\u00bb. Un \u00e9v\u00e9nement initi\u00e9 \u00e0 l\u2019occasion du 60\u00e8me anniversaire de la Caisse de d\u00e9p\u00f4t et de gestion. A propos de cette manifestation, les initiateurs indiquent : \u00abL\u2019exposition nous emporte vers une double [&hellip;]<\/p>\n","protected":false},"author":1759,"featured_media":0,"comment_status":"closed","ping_status":"closed","sticky":false,"template":"","format":"standard","meta":{"fifu_image_url":"","fifu_image_alt":"","footnotes":""},"categories":[73,54],"tags":[],"class_list":["post-22942","post","type-post","status-publish","format-standard","hentry","category-actualite","category-maroc"],"_links":{"self":[{"href":"https:\/\/linitiative.ca\/International\/wp-json\/wp\/v2\/posts\/22942","targetHints":{"allow":["GET"]}}],"collection":[{"href":"https:\/\/linitiative.ca\/International\/wp-json\/wp\/v2\/posts"}],"about":[{"href":"https:\/\/linitiative.ca\/International\/wp-json\/wp\/v2\/types\/post"}],"author":[{"embeddable":true,"href":"https:\/\/linitiative.ca\/International\/wp-json\/wp\/v2\/users\/1759"}],"replies":[{"embeddable":true,"href":"https:\/\/linitiative.ca\/International\/wp-json\/wp\/v2\/comments?post=22942"}],"version-history":[{"count":0,"href":"https:\/\/linitiative.ca\/International\/wp-json\/wp\/v2\/posts\/22942\/revisions"}],"wp:attachment":[{"href":"https:\/\/linitiative.ca\/International\/wp-json\/wp\/v2\/media?parent=22942"}],"wp:term":[{"taxonomy":"category","embeddable":true,"href":"https:\/\/linitiative.ca\/International\/wp-json\/wp\/v2\/categories?post=22942"},{"taxonomy":"post_tag","embeddable":true,"href":"https:\/\/linitiative.ca\/International\/wp-json\/wp\/v2\/tags?post=22942"}],"curies":[{"name":"wp","href":"https:\/\/api.w.org\/{rel}","templated":true}]}}