{"id":22943,"date":"2019-03-20T10:21:01","date_gmt":"2019-03-20T14:21:01","guid":{"rendered":"https:\/\/linitiative.ca\/International\/les-albicelestes-en-stage-a-madrid-largentine-prepare-ses-amicaux-contre-le-venezuela-et-le-maroc\/"},"modified":"2019-03-20T10:21:01","modified_gmt":"2019-03-20T14:21:01","slug":"les-albicelestes-en-stage-a-madrid-largentine-prepare-ses-amicaux-contre-le-venezuela-et-le-maroc","status":"publish","type":"post","link":"https:\/\/linitiative.ca\/International\/les-albicelestes-en-stage-a-madrid-largentine-prepare-ses-amicaux-contre-le-venezuela-et-le-maroc\/","title":{"rendered":"Les Albicelestes en stage \u00e0 Madrid : L\u2019Argentine pr\u00e9pare ses amicaux contre  le Venezuela et le Maroc"},"content":{"rendered":"<header>\n<div class=\"entry-post-meta\">\n<div class=\"author-link\">Publi\u00e9 par <a itemprop=\"author\" itemscope=\"\" itemtype=\"https:\/\/schema.org\/Person\" href=\"http:\/\/aujourdhui.ma\/profile\/kaid\" rel=\"author\"><span itemprop=\"name\">ALM<\/span><\/a><\/div>\n<p>Date\u00a0:<time content=\"2019-03-20T15:21:01+00:00\" class=\"entry-date updated\" datetime=\"2019-03-20T15:21:01+00:00\">mars 20, 2019<\/time><\/p>\n<div class=\"entry-cat\">dans:<a href=\"http:\/\/aujourdhui.ma\/category\/sports\" rel=\"category tag\">Sports<\/a><\/div>\n<p>0 Vues<\/p>\n<\/div>\n<\/header>\n<div class=\"entry-content clearfix\" readability=\"58\"><img decoding=\"async\" class=\"post_layout_5_img\" src=\"http:\/\/aujourdhui.ma\/wp-content\/uploads\/2019\/03\/Argentine-VS-Maroc.jpg?x29840\" alt=\"Les Albicelestes en stage \u00e0 Madrid : L\u2019Argentine pr\u00e9pare ses amicaux contre le Venezuela et le Maroc\"\/><\/p>\n<p><span class=\"c4\"><strong>L\u2019\u00e9quipe nationale argentine de football a entam\u00e9, lundi \u00e0 Madrid, ses pr\u00e9paratifs pour les deux matchs amicaux devant l\u2019opposer les 22 et 26 mars respectivement aux s\u00e9lections nationales du Venezuela et du Maroc.<\/strong><\/span><span id=\"more-307690\"\/><\/p>\n<p>Les Albicelestes ont d\u00e9but\u00e9 \u00e0 17h30 leur premi\u00e8re s\u00e9ance d\u2019entra\u00eenement au Complexe sportif du Real Madrid de Valdebebas, en pr\u00e9sence de la star du FC Barcelone, Lionel Messi, qui marque ainsi son retour en s\u00e9lection nationale avec laquelle il n\u2019a disput\u00e9 aucun match depuis son \u00e9limination en huiti\u00e8mes de finale de la Coupe du monde de Russie 2018 face \u00e0 la France (3-4).<br \/>L\u2019ensemble des internationaux argentins \u00e9voluant eu Europe, convoqu\u00e9s par le s\u00e9lectionneur Lionel Scaloni, \u00e9tait pr\u00e9sent \u00e0 cette premi\u00e8re s\u00e9ance d\u2019entra\u00eenement, \u00e0 l\u2019exception du d\u00e9fenseur du Manchester City, Nicolas Otamendi, bless\u00e9 lors du quart de finale de FA Cup (3-2) face \u00e0 Swansea, samedi dernier.<br \/>Les trois joueurs de Boca Juniors (Esteban Andrada, Iv\u00e1n Marcone et Dar\u00edo Benedetto), ainsi que Walter Kaneman (Gr\u00eamio) et Pity Mart\u00ednez (River Plate), convoqu\u00e9s \u00e9galement, se joindront au groupe dans les prochaines heures.<br \/>La s\u00e9lection de l\u2019Argentine doit affronter en match amical le Venezuela, le 22 mars au Wanda Metropolitano \u00e0 Madrid, et le Maroc, le 26 mars \u00e0 Tanger.<br \/>Le s\u00e9lectionneur national Herv\u00e9 Renard a d\u00e9voil\u00e9 r\u00e9cemment la liste finale des Lions de l\u2019Atlas qui vont affronter le Malawi le 22 mars pour le compte de la 6\u00e8 et derni\u00e8re journ\u00e9e des \u00e9liminatoires de la CAN-2019, puis l\u2019Argentine en amical le 26 du m\u00eame mois \u00e0 Tanger.<\/p>\n<\/div>\n<p>Auteur: ALM<br \/>\n<a href=\"http:\/\/aujourdhui.ma\/sports\/les-albicelestes-en-stage-a-madrid-largentine-prepare-ses-amicaux-contre-le-venezuela-et-le-maroc\">Cliquez ici pour lire l&rsquo;article depuis sa source.<\/a><\/p>\n","protected":false},"excerpt":{"rendered":"<p>Publi\u00e9 par ALM Date\u00a0:mars 20, 2019 dans:Sports 0 Vues L\u2019\u00e9quipe nationale argentine de football a entam\u00e9, lundi \u00e0 Madrid, ses pr\u00e9paratifs pour les deux matchs amicaux devant l\u2019opposer les 22 et 26 mars respectivement aux s\u00e9lections nationales du Venezuela et du Maroc. Les Albicelestes ont d\u00e9but\u00e9 \u00e0 17h30 leur premi\u00e8re s\u00e9ance d\u2019entra\u00eenement au Complexe sportif [&hellip;]<\/p>\n","protected":false},"author":1759,"featured_media":0,"comment_status":"closed","ping_status":"closed","sticky":false,"template":"","format":"standard","meta":{"fifu_image_url":"","fifu_image_alt":"","footnotes":""},"categories":[73,54],"tags":[],"class_list":["post-22943","post","type-post","status-publish","format-standard","hentry","category-actualite","category-maroc"],"_links":{"self":[{"href":"https:\/\/linitiative.ca\/International\/wp-json\/wp\/v2\/posts\/22943","targetHints":{"allow":["GET"]}}],"collection":[{"href":"https:\/\/linitiative.ca\/International\/wp-json\/wp\/v2\/posts"}],"about":[{"href":"https:\/\/linitiative.ca\/International\/wp-json\/wp\/v2\/types\/post"}],"author":[{"embeddable":true,"href":"https:\/\/linitiative.ca\/International\/wp-json\/wp\/v2\/users\/1759"}],"replies":[{"embeddable":true,"href":"https:\/\/linitiative.ca\/International\/wp-json\/wp\/v2\/comments?post=22943"}],"version-history":[{"count":0,"href":"https:\/\/linitiative.ca\/International\/wp-json\/wp\/v2\/posts\/22943\/revisions"}],"wp:attachment":[{"href":"https:\/\/linitiative.ca\/International\/wp-json\/wp\/v2\/media?parent=22943"}],"wp:term":[{"taxonomy":"category","embeddable":true,"href":"https:\/\/linitiative.ca\/International\/wp-json\/wp\/v2\/categories?post=22943"},{"taxonomy":"post_tag","embeddable":true,"href":"https:\/\/linitiative.ca\/International\/wp-json\/wp\/v2\/tags?post=22943"}],"curies":[{"name":"wp","href":"https:\/\/api.w.org\/{rel}","templated":true}]}}