{"id":22962,"date":"2019-03-20T06:00:00","date_gmt":"2019-03-20T10:00:00","guid":{"rendered":"https:\/\/linitiative.ca\/International\/protestation-a-lusine-renault-a-oran\/"},"modified":"2019-03-20T06:00:00","modified_gmt":"2019-03-20T10:00:00","slug":"protestation-a-lusine-renault-a-oran","status":"publish","type":"post","link":"https:\/\/linitiative.ca\/International\/protestation-a-lusine-renault-a-oran\/","title":{"rendered":"Protestation \u00e0 l\u2019usine Renault \u00e0 Oran"},"content":{"rendered":"<div id=\"originalText\" readability=\"49\">\n<p>Les travailleurs de Renault Production Alg\u00e9rie d\u2019Oued Tl\u00e9lat, \u00e0 Oran, observent, aujourd\u2019hui, trois arr\u00eats de travail pour protester contre le silence de l\u2019administration qui n\u2019a pas encore r\u00e9pondu \u00e0 leurs revendications. Selon le pr\u00e9avis de gr\u00e8ve transmis au directeur g\u00e9n\u00e9ral de ladite usine dont nous d\u00e9tenons une copie, le premier arr\u00eat de travail aura lieu de 13h \u00e0 14h pour les \u00e9quipes B, le second de 15h \u00e0 16h pour les \u00e9quipes A et le troisi\u00e8me de 23h \u00e0 minuit pour les \u00e9quipes C, de mani\u00e8re \u00e0 ne pas bloquer totalement le processus du montage et \u00e0 maintenir la cadence de travail pour ne pas p\u00e9naliser la client\u00e8le de Renault et de Dacia. Selon ce document, le recours \u00e0 ce mouvement de protestation intervient apr\u00e8s l\u2019\u00e9chec du dialogue avec l\u2019administration et la non-prise en charge des pr\u00e9occupations socioprofessionnelles, la prise de d\u00e9cision sans l\u2019aval des travailleurs, notamment sur les questions qui les concernent et l\u2019exclusion d\u2019un syndicaliste par la direction des ressources humaines.<br \/>Selon le pr\u00e9avis de gr\u00e8ve, les deux courriers transmis le 30 janvier dernier sont rest\u00e9s lettre morte. \u00c0 noter que les travailleurs, qui ont placard\u00e9 ce pr\u00e9avis dans les couloirs de l\u2019usine, ont pr\u00e9cis\u00e9 que cette gr\u00e8ve n\u2019a aucun lien avec le mouvement de protestation populaire. Contact\u00e9e par nos soins, une source proche de la direction g\u00e9n\u00e9rale du groupe Renault Alg\u00e9rie a refus\u00e9 de commenter ce pr\u00e9avis de gr\u00e8ve.<\/p>\n<p class=\"c10\"><strong>FARID BELGACEM<\/strong><\/p>\n<\/div>\n<div id=\"text_core\" readability=\"49\">\n<p>Les travailleurs de Renault Production Alg\u00e9rie d\u2019Oued Tl\u00e9lat, \u00e0 Oran, observent, aujourd\u2019hui, trois arr\u00eats de travail pour protester contre le silence de l\u2019administration qui n\u2019a pas encore r\u00e9pondu \u00e0 leurs revendications. Selon le pr\u00e9avis de gr\u00e8ve transmis au directeur g\u00e9n\u00e9ral de ladite usine dont nous d\u00e9tenons une copie, le premier arr\u00eat de travail aura lieu de 13h \u00e0 14h pour les \u00e9quipes B, le second de 15h \u00e0 16h pour les \u00e9quipes A et le troisi\u00e8me de 23h \u00e0 minuit pour les \u00e9quipes C, de mani\u00e8re \u00e0 ne pas bloquer totalement le processus du montage et \u00e0 maintenir la cadence de travail pour ne pas p\u00e9naliser la client\u00e8le de Renault et de Dacia. Selon ce document, le recours \u00e0 ce mouvement de protestation intervient apr\u00e8s l\u2019\u00e9chec du dialogue avec l\u2019administration et la non-prise en charge des pr\u00e9occupations socioprofessionnelles, la prise de d\u00e9cision sans l\u2019aval des travailleurs, notamment sur les questions qui les concernent et l\u2019exclusion d\u2019un syndicaliste par la direction des ressources humaines.<br \/>Selon le pr\u00e9avis de gr\u00e8ve, les deux courriers transmis le 30 janvier dernier sont rest\u00e9s lettre morte. \u00c0 noter que les travailleurs, qui ont placard\u00e9 ce pr\u00e9avis dans les couloirs de l\u2019usine, ont pr\u00e9cis\u00e9 que cette gr\u00e8ve n\u2019a aucun lien avec le mouvement de protestation populaire. Contact\u00e9e par nos soins, une source proche de la direction g\u00e9n\u00e9rale du groupe Renault Alg\u00e9rie a refus\u00e9 de commenter ce pr\u00e9avis de gr\u00e8ve.<\/p>\n<p class=\"c10\"><strong>FARID BELGACEM<\/strong><\/p>\n<\/div>\n<p>Auteur:<br \/>\n<a href=\"https:\/\/www.liberte-algerie.com\/actualite\/protestation-a-lusine-renault-a-oran-311963\">Cliquez ici pour lire l&rsquo;article depuis sa source.<\/a><\/p>\n","protected":false},"excerpt":{"rendered":"<p>Les travailleurs de Renault Production Alg\u00e9rie d\u2019Oued Tl\u00e9lat, \u00e0 Oran, observent, aujourd\u2019hui, trois arr\u00eats de travail pour protester contre le silence de l\u2019administration qui n\u2019a pas encore r\u00e9pondu \u00e0 leurs revendications. Selon le pr\u00e9avis de gr\u00e8ve transmis au directeur g\u00e9n\u00e9ral de ladite usine dont nous d\u00e9tenons une copie, le premier arr\u00eat de travail aura lieu [&hellip;]<\/p>\n","protected":false},"author":1742,"featured_media":0,"comment_status":"closed","ping_status":"closed","sticky":false,"template":"","format":"standard","meta":{"fifu_image_url":"","fifu_image_alt":"","footnotes":""},"categories":[73,53],"tags":[],"class_list":["post-22962","post","type-post","status-publish","format-standard","hentry","category-actualite","category-algerie"],"_links":{"self":[{"href":"https:\/\/linitiative.ca\/International\/wp-json\/wp\/v2\/posts\/22962","targetHints":{"allow":["GET"]}}],"collection":[{"href":"https:\/\/linitiative.ca\/International\/wp-json\/wp\/v2\/posts"}],"about":[{"href":"https:\/\/linitiative.ca\/International\/wp-json\/wp\/v2\/types\/post"}],"author":[{"embeddable":true,"href":"https:\/\/linitiative.ca\/International\/wp-json\/wp\/v2\/users\/1742"}],"replies":[{"embeddable":true,"href":"https:\/\/linitiative.ca\/International\/wp-json\/wp\/v2\/comments?post=22962"}],"version-history":[{"count":0,"href":"https:\/\/linitiative.ca\/International\/wp-json\/wp\/v2\/posts\/22962\/revisions"}],"wp:attachment":[{"href":"https:\/\/linitiative.ca\/International\/wp-json\/wp\/v2\/media?parent=22962"}],"wp:term":[{"taxonomy":"category","embeddable":true,"href":"https:\/\/linitiative.ca\/International\/wp-json\/wp\/v2\/categories?post=22962"},{"taxonomy":"post_tag","embeddable":true,"href":"https:\/\/linitiative.ca\/International\/wp-json\/wp\/v2\/tags?post=22962"}],"curies":[{"name":"wp","href":"https:\/\/api.w.org\/{rel}","templated":true}]}}