{"id":22966,"date":"2019-03-19T15:20:12","date_gmt":"2019-03-19T19:20:12","guid":{"rendered":"https:\/\/linitiative.ca\/International\/marrakech-m-aujjar-met-en-avant-les-efforts-du-ministere-pour-la-promotion-des-prestations-sociales-offertes-aux-fonctionnaires-de-la-justice\/"},"modified":"2019-03-19T15:20:12","modified_gmt":"2019-03-19T19:20:12","slug":"marrakech-m-aujjar-met-en-avant-les-efforts-du-ministere-pour-la-promotion-des-prestations-sociales-offertes-aux-fonctionnaires-de-la-justice","status":"publish","type":"post","link":"https:\/\/linitiative.ca\/International\/marrakech-m-aujjar-met-en-avant-les-efforts-du-ministere-pour-la-promotion-des-prestations-sociales-offertes-aux-fonctionnaires-de-la-justice\/","title":{"rendered":"Marrakech : M. Aujjar met en avant les efforts du minist\u00e8re pour la promotion des prestations sociales offertes aux fonctionnaires de la justice"},"content":{"rendered":"<div readability=\"38\">\n<p>Marrakech \u2013 Le ministre de la Justice, Mohamed Aujjar, a mis en avant, mardi \u00e0 Marrakech, les efforts consentis par son d\u00e9partement en faveur de la promotion des \u0153uvres et prestations sociales au profit des magistrats et fonctionnaires de la justice.<\/p>\n<\/div>\n<div readability=\"82\">\n<p>Dans une d\u00e9claration \u00e0 la presse \u00e0 l\u2019occasion de l\u2019inauguration du complexe d\u2019estivage relevant de la Fondation Mohammadia des \u0153uvres sociales des magistrats et fonctionnaires de la justice, au terme des travaux de son am\u00e9nagement, M. Aujjar a soulign\u00e9 que le minist\u00e8re oeuvrera \u00e0 la construction d\u2019autres complexes d\u2019estivage dans diff\u00e9rentes r\u00e9gions du Royaume afin que les adh\u00e9rents \u00e0 la Fondation puissent y s\u00e9journer pour passer leurs vacances dans les meilleures conditions et \u00e0 des prix symboliques.<\/p>\n<p>Il a ajout\u00e9 que l\u2019inauguration de ce complexe d\u2019estivage dans la cit\u00e9 ocre s\u2019inscrit dans le cadre de la strat\u00e9gie de promotion des \u0153uvres et prestations sociales offertes par la Fondation aux magistrats et fonctionnaires de la justice, notant que ce complexe a fait l\u2019objet d\u2019une op\u00e9ration de r\u00e9habilitation et d\u2019am\u00e9nagement pour offrir des services h\u00f4teliers et touristiques de haute qualit\u00e9.<\/p>\n<p>Ce complexe, dont les travaux d\u2019am\u00e9nagement et les op\u00e9rations d\u2019ameublement et d\u2019\u00e9quipement ont co\u00fbt\u00e9 pr\u00e8s de 32,507 millions de DH, comprend 52 appartements, une salle de conf\u00e9rences, un restaurant, un terrain multi-sports, un court de tennis et une piscine.<\/p>\n<p>Cette c\u00e9r\u00e9monie a \u00e9t\u00e9 marqu\u00e9e par la pr\u00e9sentation par le directeur g\u00e9n\u00e9ral de la Fondation, Mustapha Dahdouh, d\u2019un expos\u00e9 sur les projets de construction et d\u2019am\u00e9nagement des complexes d\u2019estivage, dont ceux pr\u00e9vus \u00e0 Sa\u00efdia et \u00e0 Rabat.<\/p>\n<p>Cette op\u00e9ration, a-t-il fait savoir, comprend les projets relatifs \u00e0 la construction d\u2019une piscine couverte dans le complexe d\u2019estivage d\u2019Agadir et \u00e0 la r\u00e9alisation de la 3\u00e8me phase du complexe d\u2019estivage de F\u00e8s (espace d\u2019accueil, bloc administratif, cafeteria, aires de jeux pour enfants et parking souterrain \u00e0 deux niveaux), ainsi que les projets d\u2019am\u00e9nagement des centres et complexes d\u2019estivage \u00e0 Agadir, Ifrane, Fnideq, Tit Mellil et \u00e0 Settat.<\/p>\n<p>M. Dahdouh a, en outre, relev\u00e9 que la Fondation \u0153uvre \u00e0 l\u2019acquisition de lots de terrain dans la perspective de la construction de nouveaux complexes d\u2019estivage \u00e0 El Jadida, T\u00e9touan et \u00e0 Dakhla.<\/p>\n<\/div>\n<p>Auteur: Meriem IGASS<br \/>\n<a href=\"http:\/\/www.mapmarrakech.ma\/fr\/marrakech-m-aujjar-met-en-avant-les-efforts-du-ministere-pour-la-promotion-des-prestations-sociales-offertes-aux-fonctionnaires-de-la-justice\/\">Cliquez ici pour lire l&rsquo;article depuis sa source.<\/a><\/p>\n","protected":false},"excerpt":{"rendered":"<p>Marrakech \u2013 Le ministre de la Justice, Mohamed Aujjar, a mis en avant, mardi \u00e0 Marrakech, les efforts consentis par son d\u00e9partement en faveur de la promotion des \u0153uvres et prestations sociales au profit des magistrats et fonctionnaires de la justice. Dans une d\u00e9claration \u00e0 la presse \u00e0 l\u2019occasion de l\u2019inauguration du complexe d\u2019estivage relevant [&hellip;]<\/p>\n","protected":false},"author":1788,"featured_media":0,"comment_status":"closed","ping_status":"closed","sticky":false,"template":"","format":"standard","meta":{"fifu_image_url":"","fifu_image_alt":"","footnotes":""},"categories":[54,76],"tags":[],"class_list":["post-22966","post","type-post","status-publish","format-standard","hentry","category-maroc","category-regions"],"_links":{"self":[{"href":"https:\/\/linitiative.ca\/International\/wp-json\/wp\/v2\/posts\/22966","targetHints":{"allow":["GET"]}}],"collection":[{"href":"https:\/\/linitiative.ca\/International\/wp-json\/wp\/v2\/posts"}],"about":[{"href":"https:\/\/linitiative.ca\/International\/wp-json\/wp\/v2\/types\/post"}],"author":[{"embeddable":true,"href":"https:\/\/linitiative.ca\/International\/wp-json\/wp\/v2\/users\/1788"}],"replies":[{"embeddable":true,"href":"https:\/\/linitiative.ca\/International\/wp-json\/wp\/v2\/comments?post=22966"}],"version-history":[{"count":0,"href":"https:\/\/linitiative.ca\/International\/wp-json\/wp\/v2\/posts\/22966\/revisions"}],"wp:attachment":[{"href":"https:\/\/linitiative.ca\/International\/wp-json\/wp\/v2\/media?parent=22966"}],"wp:term":[{"taxonomy":"category","embeddable":true,"href":"https:\/\/linitiative.ca\/International\/wp-json\/wp\/v2\/categories?post=22966"},{"taxonomy":"post_tag","embeddable":true,"href":"https:\/\/linitiative.ca\/International\/wp-json\/wp\/v2\/tags?post=22966"}],"curies":[{"name":"wp","href":"https:\/\/api.w.org\/{rel}","templated":true}]}}