{"id":22971,"date":"2019-03-20T06:56:36","date_gmt":"2019-03-20T10:56:36","guid":{"rendered":"https:\/\/linitiative.ca\/International\/conventions-entre-la-direction-des-moudjahidine-et-les-secteurs-de-la-solidarite-et-du-tourisme\/"},"modified":"2019-03-20T06:56:36","modified_gmt":"2019-03-20T10:56:36","slug":"conventions-entre-la-direction-des-moudjahidine-et-les-secteurs-de-la-solidarite-et-du-tourisme","status":"publish","type":"post","link":"https:\/\/linitiative.ca\/International\/conventions-entre-la-direction-des-moudjahidine-et-les-secteurs-de-la-solidarite-et-du-tourisme\/","title":{"rendered":"Conventions entre la direction des moudjahidine et les secteurs de la solidarit\u00e9 et du tourisme"},"content":{"rendered":"<div>\n<div class=\"K2FeedIntroText\">\n<p>JIJEL &#8211; Deux conventions de coop\u00e9ration ont \u00e9t\u00e9 sign\u00e9es mardi \u00e0 Jijel au Mus\u00e9e du moudjahid entre la direction locale des moudjahidine et les secteurs de la solidarit\u00e9 et du tourisme, en pr\u00e9sence du Secr\u00e9taire g\u00e9n\u00e9ral du minist\u00e8re des Moudjahidine, Khaldi Boumediene, \u00e0 l&rsquo;occasion du 57\u00e8me anniversaire de la f\u00eate de la Victoire.<\/p>\n<\/div>\n<div class=\"K2FeedFullText\">\n<p>La convention sign\u00e9e avec le secteur de l&rsquo;action sociale vise \u00e0 assurer la prise en charge et l&rsquo;accompagnement au profit des moudjahidine, qui repr\u00e9sentent \u00ab\u00a0une des forteresses de loyaut\u00e9 et de fid\u00e9lit\u00e9\u00a0\u00bb, \u00a0a indiqu\u00e9 M. Khaldi.<\/p>\n<p>Il sera \u00e9galement proc\u00e9d\u00e9 en vertu de cette convention, dans le cadre du programme Blanche Alg\u00e9rie, \u00e0 l&rsquo;organisation de campagnes de nettoyage des cimeti\u00e8res et des monuments historiques.<\/p>\n<p>La convention avec le secteur du tourisme et de l&rsquo;artisanat porte, quant \u00e0 elle, sur l&rsquo;\u00e9laboration d&rsquo;un guide historique et touristique de pr\u00e9sentation des figures, monuments et sites touristiques outre l&rsquo;organisation de visites guid\u00e9es au profit des moudjahidine et ayants droits, selon les explications donn\u00e9es \u00e0 l&rsquo;occasion.<\/p>\n<hr>\n<p><em><strong>Lire aussi:\u00a0<\/strong><\/em><a href=\"http:\/\/www.aps.dz\/algerie\/87079-fete-de-la-victoire-le-mois-de-mars-marque-par-les-hauts-faits-aux-objectifs-nobles-du-peuple\">F\u00eate de la victoire: le mois de mars marqu\u00e9 par \u00ab\u00a0les hauts-faits aux objectifs nobles\u00a0\u00bb du peuple<\/a><\/p>\n<hr>\n<p>Le secr\u00e9taire g\u00e9n\u00e9ral du minist\u00e8re des Moudjahidine a proc\u00e9d\u00e9 lundi, \u00e0 son arriv\u00e9e \u00e0 Jijel, en compagnie des autorit\u00e9s locales et des moudjahidine, dans le cadre des festivit\u00e9s nationales de c\u00e9l\u00e9bration du 57\u00e8me anniversaire de la f\u00eate de la Victoire, \u00e0 la mise en service du raccordement de 90 logements publics locatifs de la commune de Sidi Abdelaziz au r\u00e9seau de gaz naturel.<\/p>\n<p>Dans le cadre du programme de cette c\u00e9l\u00e9bration, M. Khaldi a pos\u00e9 mardi une gerbe de fleurs a cimeti\u00e8re des martyrs de Jijel avant de lancer une caravane de visite \u00e0 des monuments historiques et d&rsquo;un cross sur route de 10 km entre Jijel et Kissir.<\/p>\n<p>Plusieurs \u00e9tablissements publics ont \u00e9t\u00e9 baptis\u00e9s des noms de chouhada et moudjahidine d\u00e9c\u00e9d\u00e9s en plus de la visite de figures r\u00e9volutionnaires dont Amar Chefiret.<\/p>\n<p>Le Mus\u00e9e du moudjahid a accueilli \u00e0 l&rsquo;occasion une conf\u00e9rence historique sur le th\u00e8me \u00ab\u00a019 mars 1962 : couronnement du combat de recouvrement de la souverainet\u00e9 nationale\u00a0\u00bb initi\u00e9 par le Centre national des \u00e9tudes et de recherche sur le mouvement national et la r\u00e9volution du 1er novembre 1954.<\/p>\n<\/div>\n<\/div>\n<p>Auteur:<br \/>\n<a href=\"http:\/\/www.aps.dz\/regions\/87087-conventions-entre-la-direction-des-moudjahidine-et-les-secteurs-de-la-solidarite-et-du-tourisme\">Cliquez ici pour lire l&rsquo;article depuis sa source.<\/a><\/p>\n","protected":false},"excerpt":{"rendered":"<p>JIJEL &#8211; Deux conventions de coop\u00e9ration ont \u00e9t\u00e9 sign\u00e9es mardi \u00e0 Jijel au Mus\u00e9e du moudjahid entre la direction locale des moudjahidine et les secteurs de la solidarit\u00e9 et du tourisme, en pr\u00e9sence du Secr\u00e9taire g\u00e9n\u00e9ral du minist\u00e8re des Moudjahidine, Khaldi Boumediene, \u00e0 l&rsquo;occasion du 57\u00e8me anniversaire de la f\u00eate de la Victoire. La convention [&hellip;]<\/p>\n","protected":false},"author":1790,"featured_media":0,"comment_status":"closed","ping_status":"closed","sticky":false,"template":"","format":"standard","meta":{"fifu_image_url":"","fifu_image_alt":"","footnotes":""},"categories":[53,76],"tags":[],"class_list":["post-22971","post","type-post","status-publish","format-standard","hentry","category-algerie","category-regions"],"_links":{"self":[{"href":"https:\/\/linitiative.ca\/International\/wp-json\/wp\/v2\/posts\/22971","targetHints":{"allow":["GET"]}}],"collection":[{"href":"https:\/\/linitiative.ca\/International\/wp-json\/wp\/v2\/posts"}],"about":[{"href":"https:\/\/linitiative.ca\/International\/wp-json\/wp\/v2\/types\/post"}],"author":[{"embeddable":true,"href":"https:\/\/linitiative.ca\/International\/wp-json\/wp\/v2\/users\/1790"}],"replies":[{"embeddable":true,"href":"https:\/\/linitiative.ca\/International\/wp-json\/wp\/v2\/comments?post=22971"}],"version-history":[{"count":0,"href":"https:\/\/linitiative.ca\/International\/wp-json\/wp\/v2\/posts\/22971\/revisions"}],"wp:attachment":[{"href":"https:\/\/linitiative.ca\/International\/wp-json\/wp\/v2\/media?parent=22971"}],"wp:term":[{"taxonomy":"category","embeddable":true,"href":"https:\/\/linitiative.ca\/International\/wp-json\/wp\/v2\/categories?post=22971"},{"taxonomy":"post_tag","embeddable":true,"href":"https:\/\/linitiative.ca\/International\/wp-json\/wp\/v2\/tags?post=22971"}],"curies":[{"name":"wp","href":"https:\/\/api.w.org\/{rel}","templated":true}]}}