{"id":22980,"date":"2019-03-19T18:30:38","date_gmt":"2019-03-19T22:30:38","guid":{"rendered":"https:\/\/linitiative.ca\/International\/signature-dune-convention-entre-la-map-et-la-region-de-loriental-pour-mettre-en-valeur-les-projets-et-les-realisations-de-la-region\/"},"modified":"2019-03-19T18:30:38","modified_gmt":"2019-03-19T22:30:38","slug":"signature-dune-convention-entre-la-map-et-la-region-de-loriental-pour-mettre-en-valeur-les-projets-et-les-realisations-de-la-region","status":"publish","type":"post","link":"https:\/\/linitiative.ca\/International\/signature-dune-convention-entre-la-map-et-la-region-de-loriental-pour-mettre-en-valeur-les-projets-et-les-realisations-de-la-region\/","title":{"rendered":"Signature d\u2019une convention entre la MAP et la r\u00e9gion de l\u2019Oriental pour mettre en valeur les projets et les r\u00e9alisations de la r\u00e9gion"},"content":{"rendered":"<div readability=\"36\">\n<p>L\u2019Agence marocaine de presse (MAP) et la R\u00e9gion de l\u2019Oriental ont sign\u00e9, mardi \u00e0 Oujda, une convention visant \u00e0 d\u00e9velopper l\u2019information r\u00e9gionale et mettre en valeur les projets et les r\u00e9alisations de la r\u00e9gion.<\/p>\n<\/div>\n<div readability=\"89\">\n<p>A travers cet accord, conclu par le Directeur g\u00e9n\u00e9ral de la MAP, M. Khalil Hachimi Idrissi, et le Pr\u00e9sident du Conseil de la R\u00e9gion, M. Abdenbi Bioui, les deux parties s\u2019engagent \u00e0 mettre leurs efforts en commun pour valoriser les potentialit\u00e9s de la r\u00e9gion.<\/p>\n<p>Cette convention permet \u00e0 la r\u00e9gion de b\u00e9n\u00e9ficier de l\u2019expertise de la MAP en mati\u00e8re de couverture m\u00e9diatique et de mettre en valeur ses projets, ses r\u00e9alisations et ses activit\u00e9s.<\/p>\n<p>En vertu de cet accord, la MAP, qui compte plus de 300 journalistes qui produisent plus de 200.000 d\u00e9p\u00eaches par an, met \u00e0 la disposition de la R\u00e9gion le panel de ses produits et services et l\u2019accompagne pour assurer une couverture m\u00e9diatique ad\u00e9quate aux \u00e9v\u00e8nements et actualit\u00e9s de la R\u00e9gion.<\/p>\n<p>Grace \u00e0 son r\u00e9seau qui compte plus de 80 journalistes r\u00e9partis en 12 p\u00f4les r\u00e9gionaux et 100 journalistes \u00e9tablis dans ses 13 p\u00f4les internationaux, l\u2019Agence couvre l\u2019ensemble des \u00e9v\u00e8nements tenus sur le territoire marocain et se positionne aujourd\u2019hui comme un fournisseur grossiste d\u2019information v\u00e9rifi\u00e9e qui se d\u00e9cline sous format de d\u00e9p\u00eaches, de photos, d\u2019infographies, de vid\u00e9o et de capsules sonores.<\/p>\n<p>Dans une d\u00e9claration \u00e0 cette occasion, le Secr\u00e9taire g\u00e9n\u00e9ral de la MAP, M. Rachid Boumhil, a indiqu\u00e9 qu\u2019il s\u2019agit d\u2019un type de convention que la MAP d\u00e9veloppe avec l\u2019ensemble des r\u00e9gions du Royaume et qui permet de faire un focus sur l\u2019activit\u00e9 r\u00e9gionale et la placer au centre m\u00eame de l\u2019actualit\u00e9.<\/p>\n<p>\u00ab\u00a0Nous sommes conscients que parfois, l\u2019activit\u00e9 r\u00e9gionale n\u2019occupe pas suffisamment la place qui lui revient par rapport \u00e0 son importance, et c\u2019est avec ce genre de conventions que la MAP participe, \u00e0 sa mani\u00e8re, au d\u00e9veloppement de ce type d\u2019activit\u00e9 \u00e0 travers l\u2019ensemble du territoire\u00a0\u00bb, a-t-il dit.<\/p>\n<p>Par cette convention, la MAP met \u00e0 la disposition de la r\u00e9gion ses ressources pour couvrir un certain nombre d\u2019\u00e9v\u00e9nements, pour produire des \u00e9ditions en format texte, magazines, p\u00e9riodiques ou m\u00eame des albums photos, tout cela au b\u00e9n\u00e9fice du citoyen et de l\u2019activit\u00e9 culturelle et \u00e9conomique de la r\u00e9gion, a soulign\u00e9 M. Boumhil.<\/p>\n<\/div>\n<p>Auteur: Soufiane ELAHMAR<br \/>\n<a href=\"http:\/\/www.mapoujda.ma\/fr\/signature-dune-convention-entre-la-map-et-la-region-de-loriental-pour-mettre-en-valeur-les-projets-et-les-realisations-de-la-region\/\">Cliquez ici pour lire l&rsquo;article depuis sa source.<\/a><\/p>\n","protected":false},"excerpt":{"rendered":"<p>L\u2019Agence marocaine de presse (MAP) et la R\u00e9gion de l\u2019Oriental ont sign\u00e9, mardi \u00e0 Oujda, une convention visant \u00e0 d\u00e9velopper l\u2019information r\u00e9gionale et mettre en valeur les projets et les r\u00e9alisations de la r\u00e9gion. A travers cet accord, conclu par le Directeur g\u00e9n\u00e9ral de la MAP, M. Khalil Hachimi Idrissi, et le Pr\u00e9sident du Conseil [&hellip;]<\/p>\n","protected":false},"author":1788,"featured_media":0,"comment_status":"closed","ping_status":"closed","sticky":false,"template":"","format":"standard","meta":{"fifu_image_url":"","fifu_image_alt":"","footnotes":""},"categories":[54,76],"tags":[],"class_list":["post-22980","post","type-post","status-publish","format-standard","hentry","category-maroc","category-regions"],"_links":{"self":[{"href":"https:\/\/linitiative.ca\/International\/wp-json\/wp\/v2\/posts\/22980","targetHints":{"allow":["GET"]}}],"collection":[{"href":"https:\/\/linitiative.ca\/International\/wp-json\/wp\/v2\/posts"}],"about":[{"href":"https:\/\/linitiative.ca\/International\/wp-json\/wp\/v2\/types\/post"}],"author":[{"embeddable":true,"href":"https:\/\/linitiative.ca\/International\/wp-json\/wp\/v2\/users\/1788"}],"replies":[{"embeddable":true,"href":"https:\/\/linitiative.ca\/International\/wp-json\/wp\/v2\/comments?post=22980"}],"version-history":[{"count":0,"href":"https:\/\/linitiative.ca\/International\/wp-json\/wp\/v2\/posts\/22980\/revisions"}],"wp:attachment":[{"href":"https:\/\/linitiative.ca\/International\/wp-json\/wp\/v2\/media?parent=22980"}],"wp:term":[{"taxonomy":"category","embeddable":true,"href":"https:\/\/linitiative.ca\/International\/wp-json\/wp\/v2\/categories?post=22980"},{"taxonomy":"post_tag","embeddable":true,"href":"https:\/\/linitiative.ca\/International\/wp-json\/wp\/v2\/tags?post=22980"}],"curies":[{"name":"wp","href":"https:\/\/api.w.org\/{rel}","templated":true}]}}