{"id":22981,"date":"2019-03-20T14:08:52","date_gmt":"2019-03-20T18:08:52","guid":{"rendered":"https:\/\/linitiative.ca\/International\/la-protection-de-lenvironnement-au-maroc-un-engagement-qui-se-manifeste-avec-force-dans-les-strategies-de-developpement-mme-el-ouafi\/"},"modified":"2019-03-20T14:08:52","modified_gmt":"2019-03-20T18:08:52","slug":"la-protection-de-lenvironnement-au-maroc-un-engagement-qui-se-manifeste-avec-force-dans-les-strategies-de-developpement-mme-el-ouafi","status":"publish","type":"post","link":"https:\/\/linitiative.ca\/International\/la-protection-de-lenvironnement-au-maroc-un-engagement-qui-se-manifeste-avec-force-dans-les-strategies-de-developpement-mme-el-ouafi\/","title":{"rendered":"La protection de l\u2019environnement au Maroc, un engagement qui se manifeste avec force dans les strat\u00e9gies de d\u00e9veloppement (Mme El Ouafi)"},"content":{"rendered":"<div readability=\"38\">\n<p>La Secr\u00e9taire d\u2019Etat charg\u00e9 du D\u00e9veloppement durable, Mme Nezha El Ouafi, a soulign\u00e9, mardi \u00e0 Berkane, que la pr\u00e9servation de l\u2019environnement est une priorit\u00e9 faisant l\u2019objet d\u2019un engagement ferme qui se traduit dans toutes les strat\u00e9gies de d\u00e9veloppement au Maroc.<\/p>\n<\/div>\n<div readability=\"123\">\n<p>La protection de l\u2019environnement est une n\u00e9cessit\u00e9 et un engagement qui se manifeste avec force dans toutes les strat\u00e9gies nationales de d\u00e9veloppement \u00e9conomique et social, a-t-elle r\u00e9affirm\u00e9 lors d\u2019une rencontre \u00e0 laquelle \u00e9taient pr\u00e9sents notamment le gouverneur de la province de Berkane, Mohamed Ali Habouha, les pr\u00e9sidents des collectivit\u00e9s territoriales de la province, les chefs des services ext\u00e9rieurs et des acteurs \u00e9conomiques et de la soci\u00e9t\u00e9 civile.<\/p>\n<p>Cet engagement s\u2019est traduit par l\u2019acc\u00e9l\u00e9ration de la prise d\u2019une s\u00e9rie de mesures et proc\u00e9dures pour att\u00e9nuer et lutter contre les diff\u00e9rentes formes et aspects de d\u00e9gradation de l\u2019environnement r\u00e9sultant des activit\u00e9s \u00e0 caract\u00e8re \u00e9conomique ou social.<\/p>\n<p>Parmi les actions et projets entrepris dans le cadre de la protection et la mise en valeur de l\u2019environnement, Mme El Ouafi a mis l\u2019accent sur le renforcement du cadre l\u00e9gislatif et r\u00e9glementaire, la promulgation de lois relatives aux normes de qualit\u00e9 et la mise en \u0153uvre de la Strat\u00e9gie nationale de l\u2019efficacit\u00e9 \u00e9nerg\u00e9tique, en sus des programmes nationaux de lutte contre la pollution, tels que le programme national d\u2019assainissement liquide, le programme national de lutte contre la pollution industrielle, et le Programme national des d\u00e9chets m\u00e9nagers (PNDM).<\/p>\n<p>Elle a pr\u00e9cis\u00e9 dans ce sens que le PNDM, \u00e9labor\u00e9 par le secr\u00e9tariat d\u2019Etat charg\u00e9 du D\u00e9veloppement durable, le minist\u00e8re de l\u2019Int\u00e9rieur et le minist\u00e8re de l\u2019Economie et des Finances, vise \u00e0 assurer la collecte et le nettoiement des d\u00e9chets m\u00e9nagers pour atteindre un taux de collecte professionnalis\u00e9e (gestion d\u00e9l\u00e9gu\u00e9e) de 90% en 2022, r\u00e9aliser des centres d\u2019enfouissement et de valorisation des d\u00e9chets m\u00e9nagers et assimil\u00e9s au profit de tous les centres urbains (100%) en 2022, r\u00e9habiliter ou fermer toutes les d\u00e9charges existantes (100 %) en 2022, et g\u00e9n\u00e9raliser les plans directeurs de gestion des d\u00e9chets m\u00e9nagers et assimil\u00e9s pour toutes les pr\u00e9fectures et provinces de Royaume.<\/p>\n<p>Il ambitionne aussi de d\u00e9velopper la fili\u00e8re de \u00ab\u00a0tri-recyclage-valorisation\u00a0\u00bb, avec des actions pilotes de tri pour atteindre un taux de 20% du recyclage et la valorisation suppl\u00e9mentaire, sous diff\u00e9rentes formes, d\u2019au moins 30% des d\u00e9chets g\u00e9n\u00e9r\u00e9s \u00e0 l\u2019horizon 2022.<\/p>\n<p>Selon la secr\u00e9taire d\u2019Etat, des progr\u00e8s et des r\u00e9sultats importants ont \u00e9t\u00e9 atteints dans ce domaine \u00e0 la faveur d\u2019une s\u00e9rie de grands projets men\u00e9s au niveau des villes du Royaume et qui ont eu un impact positif sur l\u2019environnement, mettant l\u2019accent sur l\u2019augmentation du taux de collecte des d\u00e9chets, qui est pass\u00e9 \u00e0 85,2%, la r\u00e9alisation de 25 d\u00e9charges contr\u00f4l\u00e9es et de centres d\u2019enfouissement et de valorisation des d\u00e9chets, et la r\u00e9habilitation de 49 d\u00e9charges non contr\u00f4l\u00e9es.<\/p>\n<p>De son c\u00f4t\u00e9, le gouverneur de la province de Berkane, Mohamed Ali Habouha, a fait savoir que cette province s\u2019est engag\u00e9e dans plusieurs initiatives visant la r\u00e9alisation du d\u00e9veloppement durable et la gestion rationnelle des ressources naturelles, notant que des efforts ont \u00e9t\u00e9 entrepris en partenariat avec les diff\u00e9rents acteurs afin d\u2019int\u00e9grer la dimension environnementale dans les projets programm\u00e9s, prot\u00e9ger les milieux naturels, pr\u00e9server les ressources hydrauliques et lutter contre la pollution.<\/p>\n<p>La rencontre de Mme El Ouafi avec les responsables et acteurs locaux a \u00e9t\u00e9 couronn\u00e9e par la signature d\u2019une convention de partenariat portant sur la cr\u00e9ation d\u2019un centre de tri et de valorisation des d\u00e9chets m\u00e9nagers et assimil\u00e9s pour un investissement de 13 millions de dirhams enti\u00e8rement financ\u00e9 par le secr\u00e9tariat d\u2019Etat charg\u00e9 du D\u00e9veloppement durable.<\/p>\n<p>Ce projet est un acquis consid\u00e9rable pour la province de Berkane, eu \u00e9gard \u00e0 ses dimensions environnementale, sociale et \u00e9conomique, s\u2019est r\u00e9joui M. Habouha qui a \u00e9galement mis en avant, \u00e0 cette occasion, les projets r\u00e9alis\u00e9s dans le cadre de la gestion int\u00e9gr\u00e9e du littoral m\u00e9diterran\u00e9en.<\/p>\n<p>Notant que ces projets avaient pour finalit\u00e9 notamment l\u2019am\u00e9nagement et la pr\u00e9servation de la zone d\u2019int\u00e9r\u00eat biologique et \u00e9cologique de l\u2019embouchure de Moulouya, inscrite sur la liste RAMSAR.<\/p>\n<p>Le gouverneur a de m\u00eame pass\u00e9 en revue les projets d\u2019assainissement liquide r\u00e9alis\u00e9s en milieu rural de la province dans le cadre du programme national d\u2019assainissement liquide.<\/p>\n<p>La rencontre a \u00e9t\u00e9 marqu\u00e9e aussi par la signature d\u2019une convention relative au projet de mise \u00e0 niveau et d\u2019am\u00e9nagement de l\u2019Oued Chera\u00e2 et l\u2019\u00e9limination des points noirs dans la province, et d\u2019une convention concernant le projet de cr\u00e9ation de parcs \u00e9cologiques et de protection de la diversit\u00e9 biologique tout au long de l\u2019Oued.<\/p>\n<\/div>\n<p>Auteur: Soufiane ELAHMAR<br \/>\n<a href=\"http:\/\/www.mapoujda.ma\/fr\/la-protection-de-lenvironnement-au-maroc-un-engagement-qui-se-manifeste-avec-force-dans-les-strategies-de-developpement-mme-el-ouafi\/\">Cliquez ici pour lire l&rsquo;article depuis sa source.<\/a><\/p>\n","protected":false},"excerpt":{"rendered":"<p>La Secr\u00e9taire d\u2019Etat charg\u00e9 du D\u00e9veloppement durable, Mme Nezha El Ouafi, a soulign\u00e9, mardi \u00e0 Berkane, que la pr\u00e9servation de l\u2019environnement est une priorit\u00e9 faisant l\u2019objet d\u2019un engagement ferme qui se traduit dans toutes les strat\u00e9gies de d\u00e9veloppement au Maroc. La protection de l\u2019environnement est une n\u00e9cessit\u00e9 et un engagement qui se manifeste avec force [&hellip;]<\/p>\n","protected":false},"author":1788,"featured_media":0,"comment_status":"closed","ping_status":"closed","sticky":false,"template":"","format":"standard","meta":{"fifu_image_url":"","fifu_image_alt":"","footnotes":""},"categories":[54,76],"tags":[],"class_list":["post-22981","post","type-post","status-publish","format-standard","hentry","category-maroc","category-regions"],"_links":{"self":[{"href":"https:\/\/linitiative.ca\/International\/wp-json\/wp\/v2\/posts\/22981","targetHints":{"allow":["GET"]}}],"collection":[{"href":"https:\/\/linitiative.ca\/International\/wp-json\/wp\/v2\/posts"}],"about":[{"href":"https:\/\/linitiative.ca\/International\/wp-json\/wp\/v2\/types\/post"}],"author":[{"embeddable":true,"href":"https:\/\/linitiative.ca\/International\/wp-json\/wp\/v2\/users\/1788"}],"replies":[{"embeddable":true,"href":"https:\/\/linitiative.ca\/International\/wp-json\/wp\/v2\/comments?post=22981"}],"version-history":[{"count":0,"href":"https:\/\/linitiative.ca\/International\/wp-json\/wp\/v2\/posts\/22981\/revisions"}],"wp:attachment":[{"href":"https:\/\/linitiative.ca\/International\/wp-json\/wp\/v2\/media?parent=22981"}],"wp:term":[{"taxonomy":"category","embeddable":true,"href":"https:\/\/linitiative.ca\/International\/wp-json\/wp\/v2\/categories?post=22981"},{"taxonomy":"post_tag","embeddable":true,"href":"https:\/\/linitiative.ca\/International\/wp-json\/wp\/v2\/tags?post=22981"}],"curies":[{"name":"wp","href":"https:\/\/api.w.org\/{rel}","templated":true}]}}