{"id":23002,"date":"2019-03-19T19:00:00","date_gmt":"2019-03-19T23:00:00","guid":{"rendered":"https:\/\/linitiative.ca\/International\/deces-du-moudjahid-lahcene-bakhouche-le-president-bouteflika-salue-un-parcours-militant\/"},"modified":"2019-03-19T19:00:00","modified_gmt":"2019-03-19T23:00:00","slug":"deces-du-moudjahid-lahcene-bakhouche-le-president-bouteflika-salue-un-parcours-militant","status":"publish","type":"post","link":"https:\/\/linitiative.ca\/International\/deces-du-moudjahid-lahcene-bakhouche-le-president-bouteflika-salue-un-parcours-militant\/","title":{"rendered":"DECES DU MOUDJAHID LAHCENE BAKHOUCHE :  Le Pr\u00e9sident Bouteflika salue un parcours militant"},"content":{"rendered":"<div class=\"TxArtcile\" readability=\"37\">\n<div class=\"ImgCapt\"><img loading=\"lazy\" decoding=\"async\" width=\"208\" height=\"208\" src=\"http:\/\/www.elmoudjahid.com\/temp\/fr\/actualite2[134945].jpg\" alt=\"\" \/><span>D.R<\/span><\/div>\n<p>Le Pr\u00e9sident de la R\u00e9publique, Abdelaziz Bouteflika, a salu\u00e9 hier le parcours militant du d\u00e9funt moudjahid Lahcene Bakhouche, et son r\u00f4le dans le mouvement national et durant la guerre de Lib\u00e9ration, estimant que le d\u00e9funt \u00e9tait \u00able dernier t\u00e9moin\u00bb des massacres du 8 mai 1945 perp\u00e9tr\u00e9s par le colonisateur fran\u00e7ais et ses colons. \u00abJ\u2019ai appris la triste nouvelle du d\u00e9c\u00e8s de Lahcene Bakhouche, un vaillant moudjahid qui a grandement contribu\u00e9 \u00e0 la r\u00e9volte nationale de Kherrata lors des massacres de mai 1945\u00bb, a \u00e9crit le Pr\u00e9sident de la R\u00e9publique dans son message de condol\u00e9ances adress\u00e9 \u00e0 la famille du d\u00e9funt. Le Chef de l\u2019Etat a \u00e9galement indiqu\u00e9 que le d\u00e9funt \u00e9tait \u00able dernier t\u00e9moin des massacres perp\u00e9tr\u00e9s par les forces de la colonisation fran\u00e7aises et ses colons, dans un d\u00e9ferlement de haine in\u00e9dit \u00e0 l\u2019encontre d\u2019un peuple dont le seul tort \u00e9tait de r\u00e9clamer sa libert\u00e9 et son ind\u00e9pendance, au prix de dizaines de milliers de chouhada, tomb\u00e9s en martyrs en mai 1945\u00bb. \u00abCondamn\u00e9 \u00e0 mort, le d\u00e9funt moudjahid qui subit les affres de la torture, a su r\u00e9sister et faire preuve d\u2019un courage h\u00e9ro\u00efque durant ses 17 ans de d\u00e9tention sans proc\u00e8s aucun\u00bb, a poursuivi le Pr\u00e9sident Bouteflika. \u00abLe d\u00e9funt a \u00e9t\u00e9 transf\u00e9r\u00e9 de la prison d\u2019El Koudia \u00e0 d\u2019autres prisons dont celles de Tazoult, d\u2019El Harrach et d\u2019autres, o\u00f9 il fit la connaissance de plusieurs symboles de la R\u00e9volution, \u00e0 l\u2019instar de Ferhat Abbas, Ahmed Francis et autres\u00bb, a ajout\u00e9 le Chef de l\u2019Etat. \u00abIl apportait, de la prison o\u00f9 il \u00e9tait incarc\u00e9r\u00e9, le soutien moral et l\u2019aide n\u00e9cessaire au rel\u00e8vement moral des d\u00e9tenus durant la Glorieuse guerre de lib\u00e9ration. Il a lutt\u00e9 avec tant de volont\u00e9 et de conviction afin de voir son pays enfin libre jusqu\u2019\u00e0 l\u2019ind\u00e9pendance de l\u2019Alg\u00e9rie et l\u2019affranchissement de son peuple, et ce apr\u00e8s une lutte historique men\u00e9e au prix de millions de chouhada\u00bb, a-t-il ajout\u00e9. \u00abLe d\u00e9c\u00e8s de ce vaillant combattant nous interpelle quant \u00e0 l\u2019imp\u00e9ratif de demeurer attach\u00e9 aux acquis de la Nation et \u00e0 ses importantes questions strat\u00e9giques, \u00e0 la faveur de l\u2019unit\u00e9, de la souverainet\u00e9 et de la s\u00e9curit\u00e9\u00bb, a ajout\u00e9 M. Bouteflika. \u00abJe pr\u00e9sente mes sinc\u00e8res condol\u00e9ances \u00e0 la famille du d\u00e9funt, priant Dieu Tout-Puissant de les assister en cette p\u00e9nible \u00e9preuve, et d\u2019accueillir le d\u00e9funt en Son vaste Paradis aux c\u00f4t\u00e9s de ceux qu\u2019Il a combl\u00e9s de se bienfaits et entour\u00e9s de Sa gr\u00e2ce \u00e9ternelle\u00bb, a conclu le Pr\u00e9sident de la R\u00e9publique.<\/p>\n<\/div>\n<div class=\"ModliArtilUne\">\n<ul>\n<li><strong>Publi\u00e9 dans :<\/strong><\/li>\n<\/ul>\n<\/div>\n<div class=\"MbComIns\" id=\"newcom\" readability=\"5.69402985075\">\n<h6>DONNEZ VOTRE AVIS<\/h6>\n<p>Il n&rsquo;y a actuellement aucune r\u00e9action \u00e0 cette information. Soyez le premier \u00e0 r\u00e9agir !<\/p>\n<p><a href=\"\" rel=\"#popup\" class=\"login resetbutton\">Identifiez-vous<\/a><a class=\"button\" href=\"http:\/\/www.elmoudjahid.com\/fr\/inscription\/\"><span>S&rsquo;inscrire<\/span><\/a><\/p>\n<\/div>\n<p>Auteur: elmoudjahid<br \/>\n<a href=\"http:\/\/www.elmoudjahid.com\/fr\/actualites\/134945\">Cliquez ici pour lire l&rsquo;article depuis sa source.<\/a><\/p>\n","protected":false},"excerpt":{"rendered":"<p>D.R Le Pr\u00e9sident de la R\u00e9publique, Abdelaziz Bouteflika, a salu\u00e9 hier le parcours militant du d\u00e9funt moudjahid Lahcene Bakhouche, et son r\u00f4le dans le mouvement national et durant la guerre de Lib\u00e9ration, estimant que le d\u00e9funt \u00e9tait \u00able dernier t\u00e9moin\u00bb des massacres du 8 mai 1945 perp\u00e9tr\u00e9s par le colonisateur fran\u00e7ais et ses colons. \u00abJ\u2019ai [&hellip;]<\/p>\n","protected":false},"author":1744,"featured_media":23003,"comment_status":"closed","ping_status":"closed","sticky":false,"template":"","format":"standard","meta":{"fifu_image_url":"","fifu_image_alt":"","footnotes":""},"categories":[73,53],"tags":[],"class_list":["post-23002","post","type-post","status-publish","format-standard","has-post-thumbnail","hentry","category-actualite","category-algerie"],"_links":{"self":[{"href":"https:\/\/linitiative.ca\/International\/wp-json\/wp\/v2\/posts\/23002","targetHints":{"allow":["GET"]}}],"collection":[{"href":"https:\/\/linitiative.ca\/International\/wp-json\/wp\/v2\/posts"}],"about":[{"href":"https:\/\/linitiative.ca\/International\/wp-json\/wp\/v2\/types\/post"}],"author":[{"embeddable":true,"href":"https:\/\/linitiative.ca\/International\/wp-json\/wp\/v2\/users\/1744"}],"replies":[{"embeddable":true,"href":"https:\/\/linitiative.ca\/International\/wp-json\/wp\/v2\/comments?post=23002"}],"version-history":[{"count":0,"href":"https:\/\/linitiative.ca\/International\/wp-json\/wp\/v2\/posts\/23002\/revisions"}],"wp:featuredmedia":[{"embeddable":true,"href":"https:\/\/linitiative.ca\/International\/wp-json\/"}],"wp:attachment":[{"href":"https:\/\/linitiative.ca\/International\/wp-json\/wp\/v2\/media?parent=23002"}],"wp:term":[{"taxonomy":"category","embeddable":true,"href":"https:\/\/linitiative.ca\/International\/wp-json\/wp\/v2\/categories?post=23002"},{"taxonomy":"post_tag","embeddable":true,"href":"https:\/\/linitiative.ca\/International\/wp-json\/wp\/v2\/tags?post=23002"}],"curies":[{"name":"wp","href":"https:\/\/api.w.org\/{rel}","templated":true}]}}