{"id":23004,"date":"2019-03-19T19:00:00","date_gmt":"2019-03-19T23:00:00","guid":{"rendered":"https:\/\/linitiative.ca\/International\/colloque-international-sur-le-soufisme-renouveler-le-discours-religieux\/"},"modified":"2019-03-19T19:00:00","modified_gmt":"2019-03-19T23:00:00","slug":"colloque-international-sur-le-soufisme-renouveler-le-discours-religieux","status":"publish","type":"post","link":"https:\/\/linitiative.ca\/International\/colloque-international-sur-le-soufisme-renouveler-le-discours-religieux\/","title":{"rendered":"Colloque international sur le soufisme :  Renouveler le discours religieux"},"content":{"rendered":"<p>Les travaux du 7e colloque international sur le soufisme, plac\u00e9 sous le th\u00e8me \u00ab\u00a0Education spirituelle et d\u00e9fis de la mondialisation\u00a0\u00bb, ont d\u00e9but\u00e9 hier \u00e0 Relizane avec la participation d\u2019hommes de culte et de chercheurs du pays et de l\u2019\u00e9tranger.\u00a0 \u00ab\u00a0Le XXIe si\u00e8cle est l\u2019\u00e8re de la globalisation et de l\u2019\u00e9mergence de nouvelles connaissances et de nouvelles valeurs, choses qui nous imposent diff\u00e9rents modes de vivre ensemble\u00a0\u00bb, a d\u00e9clar\u00e9 le charg\u00e9 de la direction de la Culture islamique au minist\u00e8re des Affaires religieuses et des Wakfs, Omar Bafouloulou, \u00e0 l\u2019ouverture de cette rencontre. Le responsable a \u00e9voqu\u00e9 les grandes mutations que conna\u00eet l\u2019humanit\u00e9 comme l\u2019apparition de nouvelles technologies, la facilit\u00e9 de transfert d\u2019id\u00e9es, la rapidit\u00e9 de la communication, la vulgarisation et la simplification des connaissances.\u00a0 \u00a0\u00ab\u00a0Ces bouleversements imposent une refonte de la politique \u00e9ducative, la\u00a0 \u00a0modernisation des moyens didactiques, des m\u00e9thodologies et des moyens d\u2019enseignement. Il est important de renouveler le discours religieux pour s\u2019adapter \u00e0 la p\u00e9riode actuelle\u00a0\u00bb, a-t-il estim\u00e9.\u00a0<\/p>\n<p>Dans ce contexte, le repr\u00e9sentant du minist\u00e8re des Affaires religieuses a salu\u00e9 le r\u00f4le du soufisme et l\u2019apport de ses adeptes \u00e0 travers l\u2019histoire. \u00ab\u00a0Les mouvements soufis sont un espace spirituel et contribuent dans la stabilit\u00e9 sociale et dans la pr\u00e9servation du r\u00e9f\u00e9rent religieux national\u00a0\u00bb, a-t-il relev\u00e9. Les participants d\u00e9battront, lors de cette rencontre, diff\u00e9rents axes dont \u00ab\u00a0L\u2019\u00e9ducation spirituelle dans les textes religieux et les documents scientifiques\u00a0\u00bb, \u00ab\u00a0Les valeurs spirituelles dans la pens\u00e9e soufie\u00a0\u00bb, \u00ab\u00a0La mondialisation, ses dimensions positives et ses effets n\u00e9fastes pour les soci\u00e9t\u00e9s\u00a0\u00bb.<\/p>\n<p>\u00a0D\u2019autres th\u00e8mes : \u00ab\u00a0M\u00e9canismes et des moyens pour renforcer la culture de la fraternit\u00e9, la coh\u00e9sion et la solidarit\u00e9 soci\u00e9tale dans le sillage de la\u00a0 \u00a0mondialisation\u00a0\u00bb, \u00ab\u00a0Moyens de renforcement des constantes et pr\u00e9servation des \u00e9l\u00e9ments de l\u2019identit\u00e9 devant les enjeux de la mondialisation\u00a0\u00bb, seront\u00a0 \u00a0\u00e9galement abord\u00e9s. Initi\u00e9 par le minist\u00e8re des Affaires religieuses et des Wakfs ainsi que par la wilaya de Relizane, ce colloque vise \u00e0 traiter la probl\u00e9matique de l\u2019\u00e9ducation spirituelle face aux enjeux de la mondialisation, \u00e0 mettre en exergue le r\u00f4le des institutions religieuses dans la diffusion et le renforcement des valeurs spirituelles ainsi qu\u2019\u00e0 faire face aux discours haineux, selon les organisateurs. La c\u00e9r\u00e9monie d\u2019ouverture de ce colloque de deux jours s\u2019est d\u00e9roul\u00e9e en pr\u00e9sence du pr\u00e9sident du Haut conseil de la langue arabe, Salah Belaid, des autorit\u00e9s locales, d\u2019hommes de culte et des zaou\u00efas, entre autres.\u00a0<\/p>\n<p>Auteur: elmoudjahid<br \/>\n<a href=\"http:\/\/www.elmoudjahid.com\/fr\/actualites\/134946\">Cliquez ici pour lire l&rsquo;article depuis sa source.<\/a><\/p>\n","protected":false},"excerpt":{"rendered":"<p>Les travaux du 7e colloque international sur le soufisme, plac\u00e9 sous le th\u00e8me \u00ab\u00a0Education spirituelle et d\u00e9fis de la mondialisation\u00a0\u00bb, ont d\u00e9but\u00e9 hier \u00e0 Relizane avec la participation d\u2019hommes de culte et de chercheurs du pays et de l\u2019\u00e9tranger.\u00a0 \u00ab\u00a0Le XXIe si\u00e8cle est l\u2019\u00e8re de la globalisation et de l\u2019\u00e9mergence de nouvelles connaissances et de [&hellip;]<\/p>\n","protected":false},"author":1744,"featured_media":0,"comment_status":"closed","ping_status":"closed","sticky":false,"template":"","format":"standard","meta":{"fifu_image_url":"","fifu_image_alt":"","footnotes":""},"categories":[73,53],"tags":[],"class_list":["post-23004","post","type-post","status-publish","format-standard","hentry","category-actualite","category-algerie"],"_links":{"self":[{"href":"https:\/\/linitiative.ca\/International\/wp-json\/wp\/v2\/posts\/23004","targetHints":{"allow":["GET"]}}],"collection":[{"href":"https:\/\/linitiative.ca\/International\/wp-json\/wp\/v2\/posts"}],"about":[{"href":"https:\/\/linitiative.ca\/International\/wp-json\/wp\/v2\/types\/post"}],"author":[{"embeddable":true,"href":"https:\/\/linitiative.ca\/International\/wp-json\/wp\/v2\/users\/1744"}],"replies":[{"embeddable":true,"href":"https:\/\/linitiative.ca\/International\/wp-json\/wp\/v2\/comments?post=23004"}],"version-history":[{"count":0,"href":"https:\/\/linitiative.ca\/International\/wp-json\/wp\/v2\/posts\/23004\/revisions"}],"wp:attachment":[{"href":"https:\/\/linitiative.ca\/International\/wp-json\/wp\/v2\/media?parent=23004"}],"wp:term":[{"taxonomy":"category","embeddable":true,"href":"https:\/\/linitiative.ca\/International\/wp-json\/wp\/v2\/categories?post=23004"},{"taxonomy":"post_tag","embeddable":true,"href":"https:\/\/linitiative.ca\/International\/wp-json\/wp\/v2\/tags?post=23004"}],"curies":[{"name":"wp","href":"https:\/\/api.w.org\/{rel}","templated":true}]}}