{"id":23006,"date":"2019-03-19T19:00:00","date_gmt":"2019-03-19T23:00:00","guid":{"rendered":"https:\/\/linitiative.ca\/International\/tamanrasset-et-illizi-baptisation-de-plusieurs-structures\/"},"modified":"2019-03-19T19:00:00","modified_gmt":"2019-03-19T23:00:00","slug":"tamanrasset-et-illizi-baptisation-de-plusieurs-structures","status":"publish","type":"post","link":"https:\/\/linitiative.ca\/International\/tamanrasset-et-illizi-baptisation-de-plusieurs-structures\/","title":{"rendered":"Tamanrasset et Illizi :  baptisation  de plusieurs structures"},"content":{"rendered":"<p>L\u2019\u00c9cole des Cadets de la Nation de Tamanrasset, relevant de la 6e R\u00e9gion militaire (6e RM), a \u00e9t\u00e9 baptis\u00e9e hier du nom du d\u00e9funt moudjahid Benhaoued Messaoud.\u00a0<\/p>\n<p>Co\u00efncidant avec la comm\u00e9moration du 57e anniversaire de la f\u00eate de la Victoire, la c\u00e9r\u00e9monie de baptisation a \u00e9t\u00e9 pr\u00e9sid\u00e9e par le commandant de la 6e RM, le g\u00e9n\u00e9ral major Mohamed Adjroud, en pr\u00e9sence, notamment d\u2019officiers et de cadres de la 6e RM, de compagnons d\u2019armes et de membres de la famille du d\u00e9funt moudjahid, qui a \u00e9t\u00e9 honor\u00e9e \u00e0 cette occasion. Dans son allocution, le commandant de la 6e RM a indiqu\u00e9 que cette date anniversaire marque la comm\u00e9moration d\u2019un \u00e9v\u00e8nement historique, fruit de longues et dures \u00e9pop\u00e9es de la guerre de Lib\u00e9ration men\u00e9es par le peuple, qui a, arm\u00e9 d\u2019une forte confiance en sa juste cause, fait face \u00e0 l\u2019une des grandes forces coloniales, contraintes ainsi de reconna\u00eetre le droit du peuple alg\u00e9rien \u00e0 son autod\u00e9termination. N\u00e9 en 1928 dans la r\u00e9gion d\u2019El-M\u00e9n\u00e9a (Gharda\u00efa) au sein d\u2019une famille conservatrice, le d\u00e9funt moudjahid Benhaoued Messaoud a rejoint les rangs de l\u2019Arm\u00e9e de lib\u00e9ration nationale (ALN), o\u00f9 il a \u00e9t\u00e9 charg\u00e9 de la collecte d\u2019armes, d\u2019approvisionnements et d\u2019informations en faveur de l\u2019ALN, jusqu\u2019\u00e0 l\u2019ind\u00e9pendance (1962). Il a poursuivi son militantisme apr\u00e8s l\u2019ind\u00e9pendance, avant de d\u00e9c\u00e9der le 26 f\u00e9vrier 2011. Par ailleurs, le si\u00e8ge du 84e r\u00e9giment d\u2019infanterie m\u00e9canis\u00e9e autonome de Debdeb (wilaya d\u2019Illizi) a \u00e9t\u00e9 baptis\u00e9 au nom du d\u00e9funt moudjahid Dieyli Sidi-Ali. La c\u00e9r\u00e9monie a \u00e9t\u00e9 pr\u00e9sid\u00e9e par le commandant de la 4e R\u00e9gion militaire, le g\u00e9n\u00e9ral major Hassen Alaimia, en pr\u00e9sence, notamment des autorit\u00e9s de la wilaya d\u2019Illizi, de moudjahidine et de compagnons d\u2019armes et de membres de la famille du d\u00e9funt Moudjahid qui ont \u00e9t\u00e9 honor\u00e9s \u00e0 l\u2019occasion.\u00a0<\/p>\n<p>Natif de Tamanrasset en 1942, le d\u00e9funt Moudjahid Dieyli Sidi-Ali, issu d\u2019une famille modeste conservatrice, s\u2019est mis \u00e0 l\u2019apprentissage du Coran, avant de rallier durant la R\u00e9volution du 1er Novembre 1954 les rangs de l\u2019organisation civile du Front de lib\u00e9ration nationale. Il a continu\u00e9 \u00e0 militer, au lendemain de l\u2019ind\u00e9pendance, au sein du Front de lib\u00e9ration nationale, jusqu\u2019\u00e0 sa mort le 25 octobre 2010. La baptisation de ces structures entre dans le cadre de l\u2019application des d\u00e9cisions du haut commandement de l\u2019Arm\u00e9e nationale populaire de baptiser les structures et unit\u00e9s relevant du minist\u00e8re de la D\u00e9fense nationale de noms de chouhada de la R\u00e9volution, afin de raviver le souvenir des glorieux martyrs qui ont consenti d\u2019\u00e9norme sacrifices, pour que vive l\u2019Alg\u00e9rie dans la libert\u00e9 et la dignit\u00e9.<\/p>\n<p>Auteur: elmoudjahid<br \/>\n<a href=\"http:\/\/www.elmoudjahid.com\/fr\/actualites\/134948\">Cliquez ici pour lire l&rsquo;article depuis sa source.<\/a><\/p>\n","protected":false},"excerpt":{"rendered":"<p>L\u2019\u00c9cole des Cadets de la Nation de Tamanrasset, relevant de la 6e R\u00e9gion militaire (6e RM), a \u00e9t\u00e9 baptis\u00e9e hier du nom du d\u00e9funt moudjahid Benhaoued Messaoud.\u00a0 Co\u00efncidant avec la comm\u00e9moration du 57e anniversaire de la f\u00eate de la Victoire, la c\u00e9r\u00e9monie de baptisation a \u00e9t\u00e9 pr\u00e9sid\u00e9e par le commandant de la 6e RM, le [&hellip;]<\/p>\n","protected":false},"author":1744,"featured_media":0,"comment_status":"closed","ping_status":"closed","sticky":false,"template":"","format":"standard","meta":{"fifu_image_url":"","fifu_image_alt":"","footnotes":""},"categories":[73,53],"tags":[],"class_list":["post-23006","post","type-post","status-publish","format-standard","hentry","category-actualite","category-algerie"],"_links":{"self":[{"href":"https:\/\/linitiative.ca\/International\/wp-json\/wp\/v2\/posts\/23006","targetHints":{"allow":["GET"]}}],"collection":[{"href":"https:\/\/linitiative.ca\/International\/wp-json\/wp\/v2\/posts"}],"about":[{"href":"https:\/\/linitiative.ca\/International\/wp-json\/wp\/v2\/types\/post"}],"author":[{"embeddable":true,"href":"https:\/\/linitiative.ca\/International\/wp-json\/wp\/v2\/users\/1744"}],"replies":[{"embeddable":true,"href":"https:\/\/linitiative.ca\/International\/wp-json\/wp\/v2\/comments?post=23006"}],"version-history":[{"count":0,"href":"https:\/\/linitiative.ca\/International\/wp-json\/wp\/v2\/posts\/23006\/revisions"}],"wp:attachment":[{"href":"https:\/\/linitiative.ca\/International\/wp-json\/wp\/v2\/media?parent=23006"}],"wp:term":[{"taxonomy":"category","embeddable":true,"href":"https:\/\/linitiative.ca\/International\/wp-json\/wp\/v2\/categories?post=23006"},{"taxonomy":"post_tag","embeddable":true,"href":"https:\/\/linitiative.ca\/International\/wp-json\/wp\/v2\/tags?post=23006"}],"curies":[{"name":"wp","href":"https:\/\/api.w.org\/{rel}","templated":true}]}}